
			
				
				
					
				

			
		{"items":"\n\t\t\t\t\t\t\t\t\t\t\t\n<article id=\"post-42268\" class=\"blog-design-chess blog-post-loop blog-design-small-images blog-style-bg post-42268 post type-post status-publish format-standard has-post-thumbnail hentry category-terrasse category-vannes\">\n\t<div class=\"article-inner\">\n\t\t\t\t\t<header class=\"entry-header\">\n\t\t\t\t\t\t\t\t\t\n\t\t\t\t\t<figure id=\"carousel-493\" class=\"entry-thumbnail\" data-owl-carousel data-hide_pagination_control=\"yes\" data-desktop=\"1\" data-tablet=\"1\" data-tablet_landscape=\"1\" data-mobile=\"1\">\n\t\t\t\t\t\t\n\t\t\t\t\t\t\t<div class=\"post-img-wrapp\">\n\t\t\t\t\t\t\t\t<a href=\"https:\/\/add-espace.fr\/terrasse-composite-a-vannes-morbihan\/\">\n\t\t\t\t\t\t\t\t\t<img width=\"1024\" height=\"788\" src=\"https:\/\/add-espace.fr\/wp-content\/themes\/woodmart\/images\/lazy.png\" class=\"attachment-large size-large wp-image-42273 wd-lazy-load wd-lazy-fade\" alt=\"Photo de terrasse sur Vannes dans le Morbihan\" decoding=\"async\" srcset=\"\" sizes=\"(max-width: 1024px) 100vw, 1024px\" data-wood-src=\"https:\/\/add-espace.fr\/wp-content\/uploads\/2024\/07\/terrasse-vannes-morbihan-1-1024x788.jpg\" data-srcset=\"https:\/\/add-espace.fr\/wp-content\/uploads\/2024\/07\/terrasse-vannes-morbihan-1-1024x788.jpg 1024w, https:\/\/add-espace.fr\/wp-content\/uploads\/2024\/07\/terrasse-vannes-morbihan-1-300x231.jpg 300w, https:\/\/add-espace.fr\/wp-content\/uploads\/2024\/07\/terrasse-vannes-morbihan-1-768x591.jpg 768w, https:\/\/add-espace.fr\/wp-content\/uploads\/2024\/07\/terrasse-vannes-morbihan-1.jpg 1300w\" \/>\t\t\t\t\t\t\t\t<\/a>\n\t\t\t\t\t\t\t<\/div>\n\t\t\t\t\t\t\t<div class=\"post-image-mask\">\n\t\t\t\t\t\t\t\t<span><\/span>\n\t\t\t\t\t\t\t<\/div>\n\n\t\t\t\t\t\t\n\t\t\t\t\t<\/figure>\n\t\t\t\t\n\t\t\t\t\t\t\t\t\t\t\t\t<div class=\"post-date wd-post-date wd-style-with-bg\" onclick=\"\">\n\t\t\t\t<span class=\"post-date-day\">\n\t\t\t\t\t05\t\t\t\t<\/span>\n\t\t\t\t<span class=\"post-date-month\">\n\t\t\t\t\tJuil\t\t\t\t<\/span>\n\t\t\t<\/div>\n\t\t\t\t\t\t\n\t\t\t<\/header><!-- .entry-header -->\n\n\t\t<div class=\"article-body-container\">\n\t\t\t\n\t\t\t\t\t\t\t\t\t<div class=\"meta-categories-wrapp\"><div class=\"meta-post-categories wd-post-cat wd-style-with-bg\"><a href=\"https:\/\/add-espace.fr\/category\/realisations\/terrasse\/\" rel=\"category tag\">Les terrasses<\/a>, <a href=\"https:\/\/add-espace.fr\/category\/vannes\/\" rel=\"category tag\">Vannes<\/a><\/div><\/div>\n\t\t\t\t\n\t\t\t\t\t\t\t\t\t<h3 class=\"wd-entities-title title post-title\">\n\t\t\t\t\t\t<a href=\"https:\/\/add-espace.fr\/terrasse-composite-a-vannes-morbihan\/\" rel=\"bookmark\">Terrasse composite \u00e0 Vannes (56)<\/a>\n\t\t\t\t\t<\/h3>\n\t\t\t\t\n\t\t\t\t\t\t\t\t\t<div class=\"entry-meta wd-entry-meta\">\n\t\t\t\t\t\t\t\t\t<ul class=\"entry-meta-list\">\n\t\t\t\t\t\t\t\t\t<li class=\"modified-date\">\n\t\t\t\t\t\t\t\t<time class=\"updated\" datetime=\"2024-07-24T08:49:28+02:00\">\n\t\t\t24\/07\/2024\t\t<\/time>\n\t\t\t\t\t\t\t<\/li>\n\n\t\t\t\t\t\n\t\t\t\t\t\t\t\t\t\t\t<li class=\"meta-author\">\n\t\t\t\t\t\t\t\t\t<span>\n\t\t\t\t\t\t\tBy\t\t\t\t\t<\/span>\n\n\t\t\t\t\t\t\t\n\t\t<a href=\"https:\/\/add-espace.fr\/author\/addadmin\/\" rel=\"author\">\n\t\t\t<span class=\"vcard author author_name\">\n\t\t\t\t<span class=\"fn\">Add Espace<\/span>\n\t\t\t<\/span>\n\t\t<\/a>\n\t\t\t\t\t\t\t\t<\/li>\n\t\t\t\t\t\n\t\t\t\t\t\n\t\t\t\t\t\t\t\t\t\t\t\t<\/ul>\n\t\t\t\t\t\t\t<\/div><!-- .entry-meta -->\n\t\t\t\t\t\t\t\t\t\t\t\t\n\t\t\t\t\t\t\t<div class=\"entry-content wd-entry-content\">\n\t\t\t\t\t<p>Terrasse<\/p>\n<p class=\"read-more-section\"><a class=\"btn-read-more more-link\" href=\"https:\/\/add-espace.fr\/terrasse-composite-a-vannes-morbihan\/\">Continue reading<\/a><\/p>\t\t\t\t\t\t\t\t\t<\/div><!-- .entry-content -->\n\t\t\t\n\t\t\t\n\t\t\t\t\t<\/div>\n\t<\/div>\n<\/article><!-- #post -->\n\n\n\t\t\t\t\t\t\t\t\t\t\t\n<article id=\"post-41905\" class=\"blog-design-chess blog-post-loop blog-design-small-images blog-style-bg post-41905 post type-post status-publish format-standard has-post-thumbnail hentry category-terrasse category-vannes\">\n\t<div class=\"article-inner\">\n\t\t\t\t\t<header class=\"entry-header\">\n\t\t\t\t\t\t\t\t\t\n\t\t\t\t\t<figure id=\"carousel-700\" class=\"entry-thumbnail\" data-owl-carousel data-hide_pagination_control=\"yes\" data-desktop=\"1\" data-tablet=\"1\" data-tablet_landscape=\"1\" data-mobile=\"1\">\n\t\t\t\t\t\t\n\t\t\t\t\t\t\t<div class=\"post-img-wrapp\">\n\t\t\t\t\t\t\t\t<a href=\"https:\/\/add-espace.fr\/entreprise-terrasse-bois-a-berric-vannes-morbihan-56\/\">\n\t\t\t\t\t\t\t\t\t<img width=\"1024\" height=\"788\" src=\"https:\/\/add-espace.fr\/wp-content\/themes\/woodmart\/images\/lazy.png\" class=\"attachment-large size-large wp-image-41907 wd-lazy-load wd-lazy-fade\" alt=\"terrasse bois \u00e0 Berric Morbihan Add espace\" decoding=\"async\" srcset=\"\" sizes=\"(max-width: 1024px) 100vw, 1024px\" data-wood-src=\"https:\/\/add-espace.fr\/wp-content\/uploads\/2024\/03\/terrasse-berric-morbihan-1024x788.png\" data-srcset=\"https:\/\/add-espace.fr\/wp-content\/uploads\/2024\/03\/terrasse-berric-morbihan-1024x788.png 1024w, https:\/\/add-espace.fr\/wp-content\/uploads\/2024\/03\/terrasse-berric-morbihan-300x231.png 300w, https:\/\/add-espace.fr\/wp-content\/uploads\/2024\/03\/terrasse-berric-morbihan-768x591.png 768w, https:\/\/add-espace.fr\/wp-content\/uploads\/2024\/03\/terrasse-berric-morbihan.png 1300w\" \/>\t\t\t\t\t\t\t\t<\/a>\n\t\t\t\t\t\t\t<\/div>\n\t\t\t\t\t\t\t<div class=\"post-image-mask\">\n\t\t\t\t\t\t\t\t<span><\/span>\n\t\t\t\t\t\t\t<\/div>\n\n\t\t\t\t\t\t\n\t\t\t\t\t<\/figure>\n\t\t\t\t\n\t\t\t\t\t\t\t\t\t\t\t\t<div class=\"post-date wd-post-date wd-style-with-bg\" onclick=\"\">\n\t\t\t\t<span class=\"post-date-day\">\n\t\t\t\t\t05\t\t\t\t<\/span>\n\t\t\t\t<span class=\"post-date-month\">\n\t\t\t\t\tJuil\t\t\t\t<\/span>\n\t\t\t<\/div>\n\t\t\t\t\t\t\n\t\t\t<\/header><!-- .entry-header -->\n\n\t\t<div class=\"article-body-container\">\n\t\t\t\n\t\t\t\t\t\t\t\t\t<div class=\"meta-categories-wrapp\"><div class=\"meta-post-categories wd-post-cat wd-style-with-bg\"><a href=\"https:\/\/add-espace.fr\/category\/realisations\/terrasse\/\" rel=\"category tag\">Les terrasses<\/a>, <a href=\"https:\/\/add-espace.fr\/category\/vannes\/\" rel=\"category tag\">Vannes<\/a><\/div><\/div>\n\t\t\t\t\n\t\t\t\t\t\t\t\t\t<h3 class=\"wd-entities-title title post-title\">\n\t\t\t\t\t\t<a href=\"https:\/\/add-espace.fr\/entreprise-terrasse-bois-a-berric-vannes-morbihan-56\/\" rel=\"bookmark\">Terrasse bois \u00e0 Berric (56)<\/a>\n\t\t\t\t\t<\/h3>\n\t\t\t\t\n\t\t\t\t\t\t\t\t\t<div class=\"entry-meta wd-entry-meta\">\n\t\t\t\t\t\t\t\t\t<ul class=\"entry-meta-list\">\n\t\t\t\t\t\t\t\t\t<li class=\"modified-date\">\n\t\t\t\t\t\t\t\t<time class=\"updated\" datetime=\"2024-07-24T09:00:35+02:00\">\n\t\t\t24\/07\/2024\t\t<\/time>\n\t\t\t\t\t\t\t<\/li>\n\n\t\t\t\t\t\n\t\t\t\t\t\t\t\t\t\t\t<li class=\"meta-author\">\n\t\t\t\t\t\t\t\t\t<span>\n\t\t\t\t\t\t\tBy\t\t\t\t\t<\/span>\n\n\t\t\t\t\t\t\t\n\t\t<a href=\"https:\/\/add-espace.fr\/author\/addadmin5\/\" rel=\"author\">\n\t\t\t<span class=\"vcard author author_name\">\n\t\t\t\t<span class=\"fn\">addAdmin5<\/span>\n\t\t\t<\/span>\n\t\t<\/a>\n\t\t\t\t\t\t\t\t<\/li>\n\t\t\t\t\t\n\t\t\t\t\t\n\t\t\t\t\t\t\t\t\t\t\t\t<\/ul>\n\t\t\t\t\t\t\t<\/div><!-- .entry-meta -->\n\t\t\t\t\t\t\t\t\t\t\t\t\n\t\t\t\t\t\t\t<div class=\"entry-content wd-entry-content\">\n\t\t\t\t\t<p>Terrasse<\/p>\n<p class=\"read-more-section\"><a class=\"btn-read-more more-link\" href=\"https:\/\/add-espace.fr\/entreprise-terrasse-bois-a-berric-vannes-morbihan-56\/\">Continue reading<\/a><\/p>\t\t\t\t\t\t\t\t\t<\/div><!-- .entry-content -->\n\t\t\t\n\t\t\t\n\t\t\t\t\t<\/div>\n\t<\/div>\n<\/article><!-- #post -->\n\n\n\t\t\t\t\t\t\t\t\t\t\t\n<article id=\"post-41994\" class=\"blog-design-chess blog-post-loop blog-design-small-images blog-style-bg post-41994 post type-post status-publish format-standard has-post-thumbnail hentry category-nos-conseils-et-astuces category-terrasse\">\n\t<div class=\"article-inner\">\n\t\t\t\t\t<header class=\"entry-header\">\n\t\t\t\t\t\t\t\t\t\n\t\t\t\t\t<figure id=\"carousel-990\" class=\"entry-thumbnail\" data-owl-carousel data-hide_pagination_control=\"yes\" data-desktop=\"1\" data-tablet=\"1\" data-tablet_landscape=\"1\" data-mobile=\"1\">\n\t\t\t\t\t\t\n\t\t\t\t\t\t\t<div class=\"post-img-wrapp\">\n\t\t\t\t\t\t\t\t<a href=\"https:\/\/add-espace.fr\/5-raisons-de-faire-une-terrasse-en-bois-morbihan-56\/\">\n\t\t\t\t\t\t\t\t\t<img width=\"1024\" height=\"576\" src=\"https:\/\/add-espace.fr\/wp-content\/themes\/woodmart\/images\/lazy.png\" class=\"attachment-large size-large wp-image-41996 wd-lazy-load wd-lazy-fade\" alt=\"Terrasse et murs en bois clair Add Espace\" decoding=\"async\" srcset=\"\" sizes=\"(max-width: 1024px) 100vw, 1024px\" data-wood-src=\"https:\/\/add-espace.fr\/wp-content\/uploads\/2024\/06\/terrasse-bois-morbihan-1024x576.jpg\" data-srcset=\"https:\/\/add-espace.fr\/wp-content\/uploads\/2024\/06\/terrasse-bois-morbihan-1024x576.jpg 1024w, https:\/\/add-espace.fr\/wp-content\/uploads\/2024\/06\/terrasse-bois-morbihan-300x169.jpg 300w, https:\/\/add-espace.fr\/wp-content\/uploads\/2024\/06\/terrasse-bois-morbihan-768x432.jpg 768w, https:\/\/add-espace.fr\/wp-content\/uploads\/2024\/06\/terrasse-bois-morbihan-1536x864.jpg 1536w, https:\/\/add-espace.fr\/wp-content\/uploads\/2024\/06\/terrasse-bois-morbihan.jpg 1920w\" \/>\t\t\t\t\t\t\t\t<\/a>\n\t\t\t\t\t\t\t<\/div>\n\t\t\t\t\t\t\t<div class=\"post-image-mask\">\n\t\t\t\t\t\t\t\t<span><\/span>\n\t\t\t\t\t\t\t<\/div>\n\n\t\t\t\t\t\t\n\t\t\t\t\t<\/figure>\n\t\t\t\t\n\t\t\t\t\t\t\t\t\t\t\t\t<div class=\"post-date wd-post-date wd-style-with-bg\" onclick=\"\">\n\t\t\t\t<span class=\"post-date-day\">\n\t\t\t\t\t06\t\t\t\t<\/span>\n\t\t\t\t<span class=\"post-date-month\">\n\t\t\t\t\tJuin\t\t\t\t<\/span>\n\t\t\t<\/div>\n\t\t\t\t\t\t\n\t\t\t<\/header><!-- .entry-header -->\n\n\t\t<div class=\"article-body-container\">\n\t\t\t\n\t\t\t\t\t\t\t\t\t<div class=\"meta-categories-wrapp\"><div class=\"meta-post-categories wd-post-cat wd-style-with-bg\"><a href=\"https:\/\/add-espace.fr\/category\/nos-conseils-et-astuces\/\" rel=\"category tag\">Nos conseils et astuces<\/a>, <a href=\"https:\/\/add-espace.fr\/category\/realisations\/terrasse\/\" rel=\"category tag\">Les terrasses<\/a><\/div><\/div>\n\t\t\t\t\n\t\t\t\t\t\t\t\t\t<h3 class=\"wd-entities-title title post-title\">\n\t\t\t\t\t\t<a href=\"https:\/\/add-espace.fr\/5-raisons-de-faire-une-terrasse-en-bois-morbihan-56\/\" rel=\"bookmark\">5 bonnes raisons de faire une terrasse en bois en 2024<\/a>\n\t\t\t\t\t<\/h3>\n\t\t\t\t\n\t\t\t\t\t\t\t\t\t<div class=\"entry-meta wd-entry-meta\">\n\t\t\t\t\t\t\t\t\t<ul class=\"entry-meta-list\">\n\t\t\t\t\t\t\t\t\t<li class=\"modified-date\">\n\t\t\t\t\t\t\t\t<time class=\"updated\" datetime=\"2024-07-12T15:37:15+02:00\">\n\t\t\t12\/07\/2024\t\t<\/time>\n\t\t\t\t\t\t\t<\/li>\n\n\t\t\t\t\t\n\t\t\t\t\t\t\t\t\t\t\t<li class=\"meta-author\">\n\t\t\t\t\t\t\t\t\t<span>\n\t\t\t\t\t\t\tBy\t\t\t\t\t<\/span>\n\n\t\t\t\t\t\t\t\n\t\t<a href=\"https:\/\/add-espace.fr\/author\/addadmin\/\" rel=\"author\">\n\t\t\t<span class=\"vcard author author_name\">\n\t\t\t\t<span class=\"fn\">Add Espace<\/span>\n\t\t\t<\/span>\n\t\t<\/a>\n\t\t\t\t\t\t\t\t<\/li>\n\t\t\t\t\t\n\t\t\t\t\t\n\t\t\t\t\t\t\t\t\t\t\t\t<\/ul>\n\t\t\t\t\t\t\t<\/div><!-- .entry-meta -->\n\t\t\t\t\t\t\t\t\t\t\t\t\n\t\t\t\t\t\t\t<div class=\"entry-content wd-entry-content\">\n\t\t\t\t\t5 bonnes raisons de faire une terrasse en bois en 2024\r\nLa construction d'une terrasse en bois est une tendance en constante croissance, et ce pour de bonnes raisons. C\u2019est un excellent choix pour votre terrasse,...<p class=\"read-more-section\"><a class=\"btn-read-more more-link\" href=\"https:\/\/add-espace.fr\/5-raisons-de-faire-une-terrasse-en-bois-morbihan-56\/\">Continue reading<\/a><\/p>\t\t\t\t\t\t\t\t\t<\/div><!-- .entry-content -->\n\t\t\t\n\t\t\t\n\t\t\t\t\t<\/div>\n\t<\/div>\n<\/article><!-- #post -->\n\n\n\t\t\t\t\t\t\t\t\t\t\t\n<article id=\"post-41806\" class=\"blog-design-chess blog-post-loop blog-design-small-images blog-style-bg post-41806 post type-post status-publish format-standard has-post-thumbnail hentry category-extension-habitation category-nantes\">\n\t<div class=\"article-inner\">\n\t\t\t\t\t<header class=\"entry-header\">\n\t\t\t\t\t\t\t\t\t\n\t\t\t\t\t<figure id=\"carousel-537\" class=\"entry-thumbnail\" data-owl-carousel data-hide_pagination_control=\"yes\" data-desktop=\"1\" data-tablet=\"1\" data-tablet_landscape=\"1\" data-mobile=\"1\">\n\t\t\t\t\t\t\n\t\t\t\t\t\t\t<div class=\"post-img-wrapp\">\n\t\t\t\t\t\t\t\t<a href=\"https:\/\/add-espace.fr\/extension-avec-verriere-et-ardoise-maison\/\">\n\t\t\t\t\t\t\t\t\t<img width=\"1024\" height=\"768\" src=\"https:\/\/add-espace.fr\/wp-content\/themes\/woodmart\/images\/lazy.png\" class=\"attachment-large size-large wp-image-46105 wd-lazy-load wd-lazy-fade\" alt=\"Extension avec verri\u00e8re et ardoise maison\" decoding=\"async\" srcset=\"\" sizes=\"(max-width: 1024px) 100vw, 1024px\" data-wood-src=\"https:\/\/add-espace.fr\/wp-content\/uploads\/2024\/02\/extension-avec-verriere-et-ardoise-maison-1024x768.webp\" data-srcset=\"https:\/\/add-espace.fr\/wp-content\/uploads\/2024\/02\/extension-avec-verriere-et-ardoise-maison-1024x768.webp 1024w, https:\/\/add-espace.fr\/wp-content\/uploads\/2024\/02\/extension-avec-verriere-et-ardoise-maison-300x225.webp 300w, https:\/\/add-espace.fr\/wp-content\/uploads\/2024\/02\/extension-avec-verriere-et-ardoise-maison-768x576.webp 768w, https:\/\/add-espace.fr\/wp-content\/uploads\/2024\/02\/extension-avec-verriere-et-ardoise-maison-1536x1152.webp 1536w, https:\/\/add-espace.fr\/wp-content\/uploads\/2024\/02\/extension-avec-verriere-et-ardoise-maison.webp 1920w\" \/>\t\t\t\t\t\t\t\t<\/a>\n\t\t\t\t\t\t\t<\/div>\n\t\t\t\t\t\t\t<div class=\"post-image-mask\">\n\t\t\t\t\t\t\t\t<span><\/span>\n\t\t\t\t\t\t\t<\/div>\n\n\t\t\t\t\t\t\n\t\t\t\t\t<\/figure>\n\t\t\t\t\n\t\t\t\t\t\t\t\t\t\t\t\t<div class=\"post-date wd-post-date wd-style-with-bg\" onclick=\"\">\n\t\t\t\t<span class=\"post-date-day\">\n\t\t\t\t\t20\t\t\t\t<\/span>\n\t\t\t\t<span class=\"post-date-month\">\n\t\t\t\t\tF\u00e9v\t\t\t\t<\/span>\n\t\t\t<\/div>\n\t\t\t\t\t\t\n\t\t\t<\/header><!-- .entry-header -->\n\n\t\t<div class=\"article-body-container\">\n\t\t\t\n\t\t\t\t\t\t\t\t\t<div class=\"meta-categories-wrapp\"><div class=\"meta-post-categories wd-post-cat wd-style-with-bg\"><a href=\"https:\/\/add-espace.fr\/category\/realisations\/extension-habitation\/\" rel=\"category tag\">Les extensions<\/a>, <a href=\"https:\/\/add-espace.fr\/category\/nantes\/\" rel=\"category tag\">Nantes<\/a><\/div><\/div>\n\t\t\t\t\n\t\t\t\t\t\t\t\t\t<h3 class=\"wd-entities-title title post-title\">\n\t\t\t\t\t\t<a href=\"https:\/\/add-espace.fr\/extension-avec-verriere-et-ardoise-maison\/\" rel=\"bookmark\">Extension avec verri\u00e8re et ardoise maison<\/a>\n\t\t\t\t\t<\/h3>\n\t\t\t\t\n\t\t\t\t\t\t\t\t\t<div class=\"entry-meta wd-entry-meta\">\n\t\t\t\t\t\t\t\t\t<ul class=\"entry-meta-list\">\n\t\t\t\t\t\t\t\t\t<li class=\"modified-date\">\n\t\t\t\t\t\t\t\t<time class=\"updated\" datetime=\"2025-12-10T21:02:55+02:00\">\n\t\t\t10\/12\/2025\t\t<\/time>\n\t\t\t\t\t\t\t<\/li>\n\n\t\t\t\t\t\n\t\t\t\t\t\t\t\t\t\t\t<li class=\"meta-author\">\n\t\t\t\t\t\t\t\t\t<span>\n\t\t\t\t\t\t\tBy\t\t\t\t\t<\/span>\n\n\t\t\t\t\t\t\t\n\t\t<a href=\"https:\/\/add-espace.fr\/author\/addadmin5\/\" rel=\"author\">\n\t\t\t<span class=\"vcard author author_name\">\n\t\t\t\t<span class=\"fn\">addAdmin5<\/span>\n\t\t\t<\/span>\n\t\t<\/a>\n\t\t\t\t\t\t\t\t<\/li>\n\t\t\t\t\t\n\t\t\t\t\t\n\t\t\t\t\t\t\t\t\t\t\t\t<\/ul>\n\t\t\t\t\t\t\t<\/div><!-- .entry-meta -->\n\t\t\t\t\t\t\t\t\t\t\t\t\n\t\t\t\t\t\t\t<div class=\"entry-content wd-entry-content\">\n\t\t\t\t\t<p>D\u00e9couvrez nos deux extensions en ossature bois, con\u00e7ues sur mesure pour r\u00e9pondre aux besoins de nos clients nantais.<\/p>\n<p class=\"read-more-section\"><a class=\"btn-read-more more-link\" href=\"https:\/\/add-espace.fr\/extension-avec-verriere-et-ardoise-maison\/\">Continue reading<\/a><\/p>\t\t\t\t\t\t\t\t\t<\/div><!-- .entry-content -->\n\t\t\t\n\t\t\t\n\t\t\t\t\t<\/div>\n\t<\/div>\n<\/article><!-- #post -->\n\n\n\t\t\t\t\t\t\t\t\t\t\t\n<article id=\"post-41804\" class=\"blog-design-chess blog-post-loop blog-design-small-images blog-style-bg post-41804 post type-post status-publish format-standard has-post-thumbnail hentry category-extension-habitation\">\n\t<div class=\"article-inner\">\n\t\t\t\t\t<header class=\"entry-header\">\n\t\t\t\t\t\t\t\t\t\n\t\t\t\t\t<figure id=\"carousel-728\" class=\"entry-thumbnail\" data-owl-carousel data-hide_pagination_control=\"yes\" data-desktop=\"1\" data-tablet=\"1\" data-tablet_landscape=\"1\" data-mobile=\"1\">\n\t\t\t\t\t\t\n\t\t\t\t\t\t\t<div class=\"post-img-wrapp\">\n\t\t\t\t\t\t\t\t<a href=\"https:\/\/add-espace.fr\/extension-bois-douglas-claire-voie-lorient-56\/\">\n\t\t\t\t\t\t\t\t\t<img width=\"1024\" height=\"768\" src=\"https:\/\/add-espace.fr\/wp-content\/themes\/woodmart\/images\/lazy.png\" class=\"attachment-large size-large wp-image-40668 wd-lazy-load wd-lazy-fade\" alt=\"Extension bois Douglas claire voie Lorient 56\" decoding=\"async\" srcset=\"\" sizes=\"(max-width: 1024px) 100vw, 1024px\" data-wood-src=\"https:\/\/add-espace.fr\/wp-content\/uploads\/2024\/01\/extension-bois-maison-lorient-1-1024x768.png\" data-srcset=\"https:\/\/add-espace.fr\/wp-content\/uploads\/2024\/01\/extension-bois-maison-lorient-1-1024x768.png 1024w, https:\/\/add-espace.fr\/wp-content\/uploads\/2024\/01\/extension-bois-maison-lorient-1-300x225.png 300w, https:\/\/add-espace.fr\/wp-content\/uploads\/2024\/01\/extension-bois-maison-lorient-1-768x576.png 768w, https:\/\/add-espace.fr\/wp-content\/uploads\/2024\/01\/extension-bois-maison-lorient-1.png 1536w\" \/>\t\t\t\t\t\t\t\t<\/a>\n\t\t\t\t\t\t\t<\/div>\n\t\t\t\t\t\t\t<div class=\"post-image-mask\">\n\t\t\t\t\t\t\t\t<span><\/span>\n\t\t\t\t\t\t\t<\/div>\n\n\t\t\t\t\t\t\n\t\t\t\t\t<\/figure>\n\t\t\t\t\n\t\t\t\t\t\t\t\t\t\t\t\t<div class=\"post-date wd-post-date wd-style-with-bg\" onclick=\"\">\n\t\t\t\t<span class=\"post-date-day\">\n\t\t\t\t\t20\t\t\t\t<\/span>\n\t\t\t\t<span class=\"post-date-month\">\n\t\t\t\t\tF\u00e9v\t\t\t\t<\/span>\n\t\t\t<\/div>\n\t\t\t\t\t\t\n\t\t\t<\/header><!-- .entry-header -->\n\n\t\t<div class=\"article-body-container\">\n\t\t\t\n\t\t\t\t\t\t\t\t\t<div class=\"meta-categories-wrapp\"><div class=\"meta-post-categories wd-post-cat wd-style-with-bg\"><a href=\"https:\/\/add-espace.fr\/category\/realisations\/extension-habitation\/\" rel=\"category tag\">Les extensions<\/a><\/div><\/div>\n\t\t\t\t\n\t\t\t\t\t\t\t\t\t<h3 class=\"wd-entities-title title post-title\">\n\t\t\t\t\t\t<a href=\"https:\/\/add-espace.fr\/extension-bois-douglas-claire-voie-lorient-56\/\" rel=\"bookmark\">Extension \u00e0 Ploemeur (56)<\/a>\n\t\t\t\t\t<\/h3>\n\t\t\t\t\n\t\t\t\t\t\t\t\t\t<div class=\"entry-meta wd-entry-meta\">\n\t\t\t\t\t\t\t\t\t<ul class=\"entry-meta-list\">\n\t\t\t\t\t\t\t\t\t<li class=\"modified-date\">\n\t\t\t\t\t\t\t\t<time class=\"updated\" datetime=\"2024-07-12T16:12:10+02:00\">\n\t\t\t12\/07\/2024\t\t<\/time>\n\t\t\t\t\t\t\t<\/li>\n\n\t\t\t\t\t\n\t\t\t\t\t\t\t\t\t\t\t<li class=\"meta-author\">\n\t\t\t\t\t\t\t\t\t<span>\n\t\t\t\t\t\t\tBy\t\t\t\t\t<\/span>\n\n\t\t\t\t\t\t\t\n\t\t<a href=\"https:\/\/add-espace.fr\/author\/addadmin5\/\" rel=\"author\">\n\t\t\t<span class=\"vcard author author_name\">\n\t\t\t\t<span class=\"fn\">addAdmin5<\/span>\n\t\t\t<\/span>\n\t\t<\/a>\n\t\t\t\t\t\t\t\t<\/li>\n\t\t\t\t\t\n\t\t\t\t\t\n\t\t\t\t\t\t\t\t\t\t\t\t<\/ul>\n\t\t\t\t\t\t\t<\/div><!-- .entry-meta -->\n\t\t\t\t\t\t\t\t\t\t\t\t\n\t\t\t\t\t\t\t<div class=\"entry-content wd-entry-content\">\n\t\t\t\t\t<p>Nos clients ont rep\u00e9r\u00e9 le potentiel pour faire une extension d\u00e8s leur premi\u00e8re visite \u00e0 Ploemeur (56) et nous ont directement contact\u00e9s.<\/p>\n<p class=\"read-more-section\"><a class=\"btn-read-more more-link\" href=\"https:\/\/add-espace.fr\/extension-bois-douglas-claire-voie-lorient-56\/\">Continue reading<\/a><\/p>\t\t\t\t\t\t\t\t\t<\/div><!-- .entry-content -->\n\t\t\t\n\t\t\t\n\t\t\t\t\t<\/div>\n\t<\/div>\n<\/article><!-- #post -->\n\n\n\t\t\t\t\t\t\t\t\t\t\t\n<article id=\"post-41789\" class=\"blog-design-chess blog-post-loop blog-design-small-images blog-style-bg post-41789 post type-post status-publish format-standard has-post-thumbnail hentry category-extension-habitation\">\n\t<div class=\"article-inner\">\n\t\t\t\t\t<header class=\"entry-header\">\n\t\t\t\t\t\t\t\t\t\n\t\t\t\t\t<figure id=\"carousel-835\" class=\"entry-thumbnail\" data-owl-carousel data-hide_pagination_control=\"yes\" data-desktop=\"1\" data-tablet=\"1\" data-tablet_landscape=\"1\" data-mobile=\"1\">\n\t\t\t\t\t\t\n\t\t\t\t\t\t\t<div class=\"post-img-wrapp\">\n\t\t\t\t\t\t\t\t<a href=\"https:\/\/add-espace.fr\/extension-avec-puits-de-lumiere-trinite-surzur\/\">\n\t\t\t\t\t\t\t\t\t<img width=\"1024\" height=\"788\" src=\"https:\/\/add-espace.fr\/wp-content\/themes\/woodmart\/images\/lazy.png\" class=\"attachment-large size-large wp-image-42893 wd-lazy-load wd-lazy-fade\" alt=\"Extension bardage bois pos\u00e9 verticalement avec puits de lumi\u00e8re Add Espace\" decoding=\"async\" srcset=\"\" sizes=\"(max-width: 1024px) 100vw, 1024px\" data-wood-src=\"https:\/\/add-espace.fr\/wp-content\/uploads\/2024\/10\/extension-bardage-bois-vertical-1024x788.jpg\" data-srcset=\"https:\/\/add-espace.fr\/wp-content\/uploads\/2024\/10\/extension-bardage-bois-vertical-1024x788.jpg 1024w, https:\/\/add-espace.fr\/wp-content\/uploads\/2024\/10\/extension-bardage-bois-vertical-300x231.jpg 300w, https:\/\/add-espace.fr\/wp-content\/uploads\/2024\/10\/extension-bardage-bois-vertical-768x591.jpg 768w, https:\/\/add-espace.fr\/wp-content\/uploads\/2024\/10\/extension-bardage-bois-vertical-1536x1182.jpg 1536w, https:\/\/add-espace.fr\/wp-content\/uploads\/2024\/10\/extension-bardage-bois-vertical.jpg 1950w\" \/>\t\t\t\t\t\t\t\t<\/a>\n\t\t\t\t\t\t\t<\/div>\n\t\t\t\t\t\t\t<div class=\"post-image-mask\">\n\t\t\t\t\t\t\t\t<span><\/span>\n\t\t\t\t\t\t\t<\/div>\n\n\t\t\t\t\t\t\n\t\t\t\t\t<\/figure>\n\t\t\t\t\n\t\t\t\t\t\t\t\t\t\t\t\t<div class=\"post-date wd-post-date wd-style-with-bg\" onclick=\"\">\n\t\t\t\t<span class=\"post-date-day\">\n\t\t\t\t\t20\t\t\t\t<\/span>\n\t\t\t\t<span class=\"post-date-month\">\n\t\t\t\t\tF\u00e9v\t\t\t\t<\/span>\n\t\t\t<\/div>\n\t\t\t\t\t\t\n\t\t\t<\/header><!-- .entry-header -->\n\n\t\t<div class=\"article-body-container\">\n\t\t\t\n\t\t\t\t\t\t\t\t\t<div class=\"meta-categories-wrapp\"><div class=\"meta-post-categories wd-post-cat wd-style-with-bg\"><a href=\"https:\/\/add-espace.fr\/category\/realisations\/extension-habitation\/\" rel=\"category tag\">Les extensions<\/a><\/div><\/div>\n\t\t\t\t\n\t\t\t\t\t\t\t\t\t<h3 class=\"wd-entities-title title post-title\">\n\t\t\t\t\t\t<a href=\"https:\/\/add-espace.fr\/extension-avec-puits-de-lumiere-trinite-surzur\/\" rel=\"bookmark\">Extension avec puits de lumi\u00e8re \u00e0 la Trinit\u00e9-Surzur (56)<\/a>\n\t\t\t\t\t<\/h3>\n\t\t\t\t\n\t\t\t\t\t\t\t\t\t<div class=\"entry-meta wd-entry-meta\">\n\t\t\t\t\t\t\t\t\t<ul class=\"entry-meta-list\">\n\t\t\t\t\t\t\t\t\t<li class=\"modified-date\">\n\t\t\t\t\t\t\t\t<time class=\"updated\" datetime=\"2024-10-18T14:42:51+02:00\">\n\t\t\t18\/10\/2024\t\t<\/time>\n\t\t\t\t\t\t\t<\/li>\n\n\t\t\t\t\t\n\t\t\t\t\t\t\t\t\t\t\t<li class=\"meta-author\">\n\t\t\t\t\t\t\t\t\t<span>\n\t\t\t\t\t\t\tBy\t\t\t\t\t<\/span>\n\n\t\t\t\t\t\t\t\n\t\t<a href=\"https:\/\/add-espace.fr\/author\/addadmin5\/\" rel=\"author\">\n\t\t\t<span class=\"vcard author author_name\">\n\t\t\t\t<span class=\"fn\">addAdmin5<\/span>\n\t\t\t<\/span>\n\t\t<\/a>\n\t\t\t\t\t\t\t\t<\/li>\n\t\t\t\t\t\n\t\t\t\t\t\n\t\t\t\t\t\t\t\t\t\t\t\t<\/ul>\n\t\t\t\t\t\t\t<\/div><!-- .entry-meta -->\n\t\t\t\t\t\t\t\t\t\t\t\t\n\t\t\t\t\t\t\t<div class=\"entry-content wd-entry-content\">\n\t\t\t\t\t<p>Nos clients ont opt\u00e9 pour une extension en ossature bois et un magnifique puits de lumi\u00e8re pour gagner en espace et en luminosit\u00e9.<\/p>\n<p class=\"read-more-section\"><a class=\"btn-read-more more-link\" href=\"https:\/\/add-espace.fr\/extension-avec-puits-de-lumiere-trinite-surzur\/\">Continue reading<\/a><\/p>\t\t\t\t\t\t\t\t\t<\/div><!-- .entry-content -->\n\t\t\t\n\t\t\t\n\t\t\t\t\t<\/div>\n\t<\/div>\n<\/article><!-- #post -->\n\n\n\t\t\t\t\t\t\t\t\t\t\t\n<article id=\"post-41645\" class=\"blog-design-chess blog-post-loop blog-design-small-images blog-style-bg post-41645 post type-post status-publish format-standard has-post-thumbnail hentry category-extension-habitation\">\n\t<div class=\"article-inner\">\n\t\t\t\t\t<header class=\"entry-header\">\n\t\t\t\t\t\t\t\t\t\n\t\t\t\t\t<figure id=\"carousel-577\" class=\"entry-thumbnail\" data-owl-carousel data-hide_pagination_control=\"yes\" data-desktop=\"1\" data-tablet=\"1\" data-tablet_landscape=\"1\" data-mobile=\"1\">\n\t\t\t\t\t\t\n\t\t\t\t\t\t\t<div class=\"post-img-wrapp\">\n\t\t\t\t\t\t\t\t<a href=\"https:\/\/add-espace.fr\/extension-independante-dans-le-jardin-add-espace\/\">\n\t\t\t\t\t\t\t\t\t<img width=\"1024\" height=\"788\" src=\"https:\/\/add-espace.fr\/wp-content\/themes\/woodmart\/images\/lazy.png\" class=\"attachment-large size-large wp-image-41961 wd-lazy-load wd-lazy-fade\" alt=\"Extension independante dans le jardin vu de face\" decoding=\"async\" srcset=\"\" sizes=\"(max-width: 1024px) 100vw, 1024px\" data-wood-src=\"https:\/\/add-espace.fr\/wp-content\/uploads\/2024\/02\/extension-independante-bois-face-1-1024x788.png\" data-srcset=\"https:\/\/add-espace.fr\/wp-content\/uploads\/2024\/02\/extension-independante-bois-face-1-1024x788.png 1024w, https:\/\/add-espace.fr\/wp-content\/uploads\/2024\/02\/extension-independante-bois-face-1-300x231.png 300w, https:\/\/add-espace.fr\/wp-content\/uploads\/2024\/02\/extension-independante-bois-face-1-768x591.png 768w, https:\/\/add-espace.fr\/wp-content\/uploads\/2024\/02\/extension-independante-bois-face-1.png 1300w\" \/>\t\t\t\t\t\t\t\t<\/a>\n\t\t\t\t\t\t\t<\/div>\n\t\t\t\t\t\t\t<div class=\"post-image-mask\">\n\t\t\t\t\t\t\t\t<span><\/span>\n\t\t\t\t\t\t\t<\/div>\n\n\t\t\t\t\t\t\n\t\t\t\t\t<\/figure>\n\t\t\t\t\n\t\t\t\t\t\t\t\t\t\t\t\t<div class=\"post-date wd-post-date wd-style-with-bg\" onclick=\"\">\n\t\t\t\t<span class=\"post-date-day\">\n\t\t\t\t\t13\t\t\t\t<\/span>\n\t\t\t\t<span class=\"post-date-month\">\n\t\t\t\t\tF\u00e9v\t\t\t\t<\/span>\n\t\t\t<\/div>\n\t\t\t\t\t\t\n\t\t\t<\/header><!-- .entry-header -->\n\n\t\t<div class=\"article-body-container\">\n\t\t\t\n\t\t\t\t\t\t\t\t\t<div class=\"meta-categories-wrapp\"><div class=\"meta-post-categories wd-post-cat wd-style-with-bg\"><a href=\"https:\/\/add-espace.fr\/category\/realisations\/extension-habitation\/\" rel=\"category tag\">Les extensions<\/a><\/div><\/div>\n\t\t\t\t\n\t\t\t\t\t\t\t\t\t<h3 class=\"wd-entities-title title post-title\">\n\t\t\t\t\t\t<a href=\"https:\/\/add-espace.fr\/extension-independante-dans-le-jardin-add-espace\/\" rel=\"bookmark\">Extension ind\u00e9pendante dans un jardin en r\u00e9gion parisienne (75)<\/a>\n\t\t\t\t\t<\/h3>\n\t\t\t\t\n\t\t\t\t\t\t\t\t\t<div class=\"entry-meta wd-entry-meta\">\n\t\t\t\t\t\t\t\t\t<ul class=\"entry-meta-list\">\n\t\t\t\t\t\t\t\t\t<li class=\"modified-date\">\n\t\t\t\t\t\t\t\t<time class=\"updated\" datetime=\"2025-12-09T14:37:26+02:00\">\n\t\t\t09\/12\/2025\t\t<\/time>\n\t\t\t\t\t\t\t<\/li>\n\n\t\t\t\t\t\n\t\t\t\t\t\t\t\t\t\t\t<li class=\"meta-author\">\n\t\t\t\t\t\t\t\t\t<span>\n\t\t\t\t\t\t\tBy\t\t\t\t\t<\/span>\n\n\t\t\t\t\t\t\t\n\t\t<a href=\"https:\/\/add-espace.fr\/author\/addadmin5\/\" rel=\"author\">\n\t\t\t<span class=\"vcard author author_name\">\n\t\t\t\t<span class=\"fn\">addAdmin5<\/span>\n\t\t\t<\/span>\n\t\t<\/a>\n\t\t\t\t\t\t\t\t<\/li>\n\t\t\t\t\t\n\t\t\t\t\t\n\t\t\t\t\t\t\t\t\t\t\t\t<\/ul>\n\t\t\t\t\t\t\t<\/div><!-- .entry-meta -->\n\t\t\t\t\t\t\t\t\t\t\t\t\n\t\t\t\t\t\t\t<div class=\"entry-content wd-entry-content\">\n\t\t\t\t\t<p>Une demande d&rsquo;extension particuli\u00e8re d&rsquo;un client pour l&rsquo;accueil d&rsquo;un jeune homme au pair<\/p>\n<p class=\"read-more-section\"><a class=\"btn-read-more more-link\" href=\"https:\/\/add-espace.fr\/extension-independante-dans-le-jardin-add-espace\/\">Continue reading<\/a><\/p>\t\t\t\t\t\t\t\t\t<\/div><!-- .entry-content -->\n\t\t\t\n\t\t\t\n\t\t\t\t\t<\/div>\n\t<\/div>\n<\/article><!-- #post -->\n\n\n\t\t\t\t\t\t\t\t\t\t\t\n<article id=\"post-41094\" class=\"blog-design-chess blog-post-loop blog-design-small-images blog-style-bg post-41094 post type-post status-publish format-standard has-post-thumbnail hentry category-carport-et-preau category-vannes\">\n\t<div class=\"article-inner\">\n\t\t\t\t\t<header class=\"entry-header\">\n\t\t\t\t\t\t\t\t\t\n\t\t\t\t\t<figure id=\"carousel-364\" class=\"entry-thumbnail\" data-owl-carousel data-hide_pagination_control=\"yes\" data-desktop=\"1\" data-tablet=\"1\" data-tablet_landscape=\"1\" data-mobile=\"1\">\n\t\t\t\t\t\t\n\t\t\t\t\t\t\t<div class=\"post-img-wrapp\">\n\t\t\t\t\t\t\t\t<a href=\"https:\/\/add-espace.fr\/double-carport-a-sene-en-bois-morbihan-bretagne-56\/\">\n\t\t\t\t\t\t\t\t\t<img width=\"975\" height=\"750\" src=\"https:\/\/add-espace.fr\/wp-content\/themes\/woodmart\/images\/lazy.png\" class=\"attachment-large size-large wp-image-41647 wd-lazy-load wd-lazy-fade\" alt=\"Double carport \u00e0 S\u00e9n\u00e9\" decoding=\"async\" srcset=\"\" sizes=\"(max-width: 975px) 100vw, 975px\" data-wood-src=\"https:\/\/add-espace.fr\/wp-content\/uploads\/2024\/01\/double-carport-sene-1.png\" data-srcset=\"https:\/\/add-espace.fr\/wp-content\/uploads\/2024\/01\/double-carport-sene-1.png 975w, https:\/\/add-espace.fr\/wp-content\/uploads\/2024\/01\/double-carport-sene-1-300x231.png 300w, https:\/\/add-espace.fr\/wp-content\/uploads\/2024\/01\/double-carport-sene-1-768x591.png 768w\" \/>\t\t\t\t\t\t\t\t<\/a>\n\t\t\t\t\t\t\t<\/div>\n\t\t\t\t\t\t\t<div class=\"post-image-mask\">\n\t\t\t\t\t\t\t\t<span><\/span>\n\t\t\t\t\t\t\t<\/div>\n\n\t\t\t\t\t\t\n\t\t\t\t\t<\/figure>\n\t\t\t\t\n\t\t\t\t\t\t\t\t\t\t\t\t<div class=\"post-date wd-post-date wd-style-with-bg\" onclick=\"\">\n\t\t\t\t<span class=\"post-date-day\">\n\t\t\t\t\t25\t\t\t\t<\/span>\n\t\t\t\t<span class=\"post-date-month\">\n\t\t\t\t\tJan\t\t\t\t<\/span>\n\t\t\t<\/div>\n\t\t\t\t\t\t\n\t\t\t<\/header><!-- .entry-header -->\n\n\t\t<div class=\"article-body-container\">\n\t\t\t\n\t\t\t\t\t\t\t\t\t<div class=\"meta-categories-wrapp\"><div class=\"meta-post-categories wd-post-cat wd-style-with-bg\"><a href=\"https:\/\/add-espace.fr\/category\/realisations\/carport-et-preau\/\" rel=\"category tag\">Les carports<\/a>, <a href=\"https:\/\/add-espace.fr\/category\/vannes\/\" rel=\"category tag\">Vannes<\/a><\/div><\/div>\n\t\t\t\t\n\t\t\t\t\t\t\t\t\t<h3 class=\"wd-entities-title title post-title\">\n\t\t\t\t\t\t<a href=\"https:\/\/add-espace.fr\/double-carport-a-sene-en-bois-morbihan-bretagne-56\/\" rel=\"bookmark\">Double carport \u00e0 S\u00e9n\u00e9 (56)<\/a>\n\t\t\t\t\t<\/h3>\n\t\t\t\t\n\t\t\t\t\t\t\t\t\t<div class=\"entry-meta wd-entry-meta\">\n\t\t\t\t\t\t\t\t\t<ul class=\"entry-meta-list\">\n\t\t\t\t\t\t\t\t\t<li class=\"modified-date\">\n\t\t\t\t\t\t\t\t<time class=\"updated\" datetime=\"2024-07-11T09:56:12+02:00\">\n\t\t\t11\/07\/2024\t\t<\/time>\n\t\t\t\t\t\t\t<\/li>\n\n\t\t\t\t\t\n\t\t\t\t\t\t\t\t\t\t\t<li class=\"meta-author\">\n\t\t\t\t\t\t\t\t\t<span>\n\t\t\t\t\t\t\tBy\t\t\t\t\t<\/span>\n\n\t\t\t\t\t\t\t\n\t\t<a href=\"https:\/\/add-espace.fr\/author\/addadmin5\/\" rel=\"author\">\n\t\t\t<span class=\"vcard author author_name\">\n\t\t\t\t<span class=\"fn\">addAdmin5<\/span>\n\t\t\t<\/span>\n\t\t<\/a>\n\t\t\t\t\t\t\t\t<\/li>\n\t\t\t\t\t\n\t\t\t\t\t\n\t\t\t\t\t\t\t\t\t\t\t\t<\/ul>\n\t\t\t\t\t\t\t<\/div><!-- .entry-meta -->\n\t\t\t\t\t\t\t\t\t\t\t\t\n\t\t\t\t\t\t\t<div class=\"entry-content wd-entry-content\">\n\t\t\t\t\t<p>Ce carport, con\u00e7u pour accueillir deux v\u00e9hicules en enfilade, est non seulement pratique, mais il est aussi un v\u00e9ritable&#8230;<\/p>\n<p class=\"read-more-section\"><a class=\"btn-read-more more-link\" href=\"https:\/\/add-espace.fr\/double-carport-a-sene-en-bois-morbihan-bretagne-56\/\">Continue reading<\/a><\/p>\t\t\t\t\t\t\t\t\t<\/div><!-- .entry-content -->\n\t\t\t\n\t\t\t\n\t\t\t\t\t<\/div>\n\t<\/div>\n<\/article><!-- #post -->\n\n\n\t\t\t\t\t\t\t\t\t\t\t\n<article id=\"post-41080\" class=\"blog-design-chess blog-post-loop blog-design-small-images blog-style-bg post-41080 post type-post status-publish format-standard has-post-thumbnail hentry category-terrasse category-vannes\">\n\t<div class=\"article-inner\">\n\t\t\t\t\t<header class=\"entry-header\">\n\t\t\t\t\t\t\t\t\t\n\t\t\t\t\t<figure id=\"carousel-822\" class=\"entry-thumbnail\" data-owl-carousel data-hide_pagination_control=\"yes\" data-desktop=\"1\" data-tablet=\"1\" data-tablet_landscape=\"1\" data-mobile=\"1\">\n\t\t\t\t\t\t\n\t\t\t\t\t\t\t<div class=\"post-img-wrapp\">\n\t\t\t\t\t\t\t\t<a href=\"https:\/\/add-espace.fr\/terrasse-sur-pilotis-a-vannes-morbihan-bretagne\/\">\n\t\t\t\t\t\t\t\t\t<img width=\"1007\" height=\"775\" src=\"https:\/\/add-espace.fr\/wp-content\/themes\/woodmart\/images\/lazy.png\" class=\"attachment-large size-large wp-image-40629 wd-lazy-load wd-lazy-fade\" alt=\"terrasse pilotis vannes\" decoding=\"async\" srcset=\"\" sizes=\"(max-width: 1007px) 100vw, 1007px\" data-wood-src=\"https:\/\/add-espace.fr\/wp-content\/uploads\/2024\/01\/terrasse-pilotis-vannes-morbihan-e1706265249475.jpg\" data-srcset=\"https:\/\/add-espace.fr\/wp-content\/uploads\/2024\/01\/terrasse-pilotis-vannes-morbihan-e1706265249475.jpg 1007w, https:\/\/add-espace.fr\/wp-content\/uploads\/2024\/01\/terrasse-pilotis-vannes-morbihan-e1706265249475-300x231.jpg 300w, https:\/\/add-espace.fr\/wp-content\/uploads\/2024\/01\/terrasse-pilotis-vannes-morbihan-e1706265249475-768x591.jpg 768w\" \/>\t\t\t\t\t\t\t\t<\/a>\n\t\t\t\t\t\t\t<\/div>\n\t\t\t\t\t\t\t<div class=\"post-image-mask\">\n\t\t\t\t\t\t\t\t<span><\/span>\n\t\t\t\t\t\t\t<\/div>\n\n\t\t\t\t\t\t\n\t\t\t\t\t<\/figure>\n\t\t\t\t\n\t\t\t\t\t\t\t\t\t\t\t\t<div class=\"post-date wd-post-date wd-style-with-bg\" onclick=\"\">\n\t\t\t\t<span class=\"post-date-day\">\n\t\t\t\t\t25\t\t\t\t<\/span>\n\t\t\t\t<span class=\"post-date-month\">\n\t\t\t\t\tJan\t\t\t\t<\/span>\n\t\t\t<\/div>\n\t\t\t\t\t\t\n\t\t\t<\/header><!-- .entry-header -->\n\n\t\t<div class=\"article-body-container\">\n\t\t\t\n\t\t\t\t\t\t\t\t\t<div class=\"meta-categories-wrapp\"><div class=\"meta-post-categories wd-post-cat wd-style-with-bg\"><a href=\"https:\/\/add-espace.fr\/category\/realisations\/terrasse\/\" rel=\"category tag\">Les terrasses<\/a>, <a href=\"https:\/\/add-espace.fr\/category\/vannes\/\" rel=\"category tag\">Vannes<\/a><\/div><\/div>\n\t\t\t\t\n\t\t\t\t\t\t\t\t\t<h3 class=\"wd-entities-title title post-title\">\n\t\t\t\t\t\t<a href=\"https:\/\/add-espace.fr\/terrasse-sur-pilotis-a-vannes-morbihan-bretagne\/\" rel=\"bookmark\">Terrasse sur pilotis \u00e0 Vannes<\/a>\n\t\t\t\t\t<\/h3>\n\t\t\t\t\n\t\t\t\t\t\t\t\t\t<div class=\"entry-meta wd-entry-meta\">\n\t\t\t\t\t\t\t\t\t<ul class=\"entry-meta-list\">\n\t\t\t\t\t\t\t\t\t<li class=\"modified-date\">\n\t\t\t\t\t\t\t\t<time class=\"updated\" datetime=\"2024-07-04T13:04:22+02:00\">\n\t\t\t04\/07\/2024\t\t<\/time>\n\t\t\t\t\t\t\t<\/li>\n\n\t\t\t\t\t\n\t\t\t\t\t\t\t\t\t\t\t<li class=\"meta-author\">\n\t\t\t\t\t\t\t\t\t<span>\n\t\t\t\t\t\t\tBy\t\t\t\t\t<\/span>\n\n\t\t\t\t\t\t\t\n\t\t<a href=\"https:\/\/add-espace.fr\/author\/addadmin5\/\" rel=\"author\">\n\t\t\t<span class=\"vcard author author_name\">\n\t\t\t\t<span class=\"fn\">addAdmin5<\/span>\n\t\t\t<\/span>\n\t\t<\/a>\n\t\t\t\t\t\t\t\t<\/li>\n\t\t\t\t\t\n\t\t\t\t\t\n\t\t\t\t\t\t\t\t\t\t\t\t<\/ul>\n\t\t\t\t\t\t\t<\/div><!-- .entry-meta -->\n\t\t\t\t\t\t\t\t\t\t\t\t\n\t\t\t\t\t\t\t<div class=\"entry-content wd-entry-content\">\n\t\t\t\t\t<p>Terrasse sur pilotis en pin vert classe 4.<\/p>\n<p class=\"read-more-section\"><a class=\"btn-read-more more-link\" href=\"https:\/\/add-espace.fr\/terrasse-sur-pilotis-a-vannes-morbihan-bretagne\/\">Continue reading<\/a><\/p>\t\t\t\t\t\t\t\t\t<\/div><!-- .entry-content -->\n\t\t\t\n\t\t\t\n\t\t\t\t\t<\/div>\n\t<\/div>\n<\/article><!-- #post -->\n\n\n\t\t\t\t\t\t\t\t\t\t\t\n<article id=\"post-41046\" class=\"blog-design-chess blog-post-loop blog-design-small-images blog-style-bg post-41046 post type-post status-publish format-standard has-post-thumbnail hentry category-surelevation category-nantes\">\n\t<div class=\"article-inner\">\n\t\t\t\t\t<header class=\"entry-header\">\n\t\t\t\t\t\t\t\t\t\n\t\t\t\t\t<figure id=\"carousel-760\" class=\"entry-thumbnail\" data-owl-carousel data-hide_pagination_control=\"yes\" data-desktop=\"1\" data-tablet=\"1\" data-tablet_landscape=\"1\" data-mobile=\"1\">\n\t\t\t\t\t\t\n\t\t\t\t\t\t\t<div class=\"post-img-wrapp\">\n\t\t\t\t\t\t\t\t<a href=\"https:\/\/add-espace.fr\/surelevation-de-garage-pour-bureau-nantes-add-espace\/\">\n\t\t\t\t\t\t\t\t\t<img width=\"975\" height=\"750\" src=\"https:\/\/add-espace.fr\/wp-content\/themes\/woodmart\/images\/lazy.png\" class=\"attachment-large size-large wp-image-41649 wd-lazy-load wd-lazy-fade\" alt=\"Extension de maison \u00e0 nantes int\u00e9rieur ext\u00e9rieur\" decoding=\"async\" srcset=\"\" sizes=\"(max-width: 975px) 100vw, 975px\" data-wood-src=\"https:\/\/add-espace.fr\/wp-content\/uploads\/2024\/01\/extension-nantes-interieur-exterieur.png\" data-srcset=\"https:\/\/add-espace.fr\/wp-content\/uploads\/2024\/01\/extension-nantes-interieur-exterieur.png 975w, https:\/\/add-espace.fr\/wp-content\/uploads\/2024\/01\/extension-nantes-interieur-exterieur-300x231.png 300w, https:\/\/add-espace.fr\/wp-content\/uploads\/2024\/01\/extension-nantes-interieur-exterieur-768x591.png 768w\" \/>\t\t\t\t\t\t\t\t<\/a>\n\t\t\t\t\t\t\t<\/div>\n\t\t\t\t\t\t\t<div class=\"post-image-mask\">\n\t\t\t\t\t\t\t\t<span><\/span>\n\t\t\t\t\t\t\t<\/div>\n\n\t\t\t\t\t\t\n\t\t\t\t\t<\/figure>\n\t\t\t\t\n\t\t\t\t\t\t\t\t\t\t\t\t<div class=\"post-date wd-post-date wd-style-with-bg\" onclick=\"\">\n\t\t\t\t<span class=\"post-date-day\">\n\t\t\t\t\t24\t\t\t\t<\/span>\n\t\t\t\t<span class=\"post-date-month\">\n\t\t\t\t\tJan\t\t\t\t<\/span>\n\t\t\t<\/div>\n\t\t\t\t\t\t\n\t\t\t<\/header><!-- .entry-header -->\n\n\t\t<div class=\"article-body-container\">\n\t\t\t\n\t\t\t\t\t\t\t\t\t<div class=\"meta-categories-wrapp\"><div class=\"meta-post-categories wd-post-cat wd-style-with-bg\"><a href=\"https:\/\/add-espace.fr\/category\/realisations\/surelevation\/\" rel=\"category tag\">Les sur\u00e9l\u00e9vations<\/a>, <a href=\"https:\/\/add-espace.fr\/category\/nantes\/\" rel=\"category tag\">Nantes<\/a><\/div><\/div>\n\t\t\t\t\n\t\t\t\t\t\t\t\t\t<h3 class=\"wd-entities-title title post-title\">\n\t\t\t\t\t\t<a href=\"https:\/\/add-espace.fr\/surelevation-de-garage-pour-bureau-nantes-add-espace\/\" rel=\"bookmark\">Sur\u00e9l\u00e9vation de garage pour bureau \u00e0 Nantes, 44<\/a>\n\t\t\t\t\t<\/h3>\n\t\t\t\t\n\t\t\t\t\t\t\t\t\t<div class=\"entry-meta wd-entry-meta\">\n\t\t\t\t\t\t\t\t\t<ul class=\"entry-meta-list\">\n\t\t\t\t\t\t\t\t\t<li class=\"modified-date\">\n\t\t\t\t\t\t\t\t<time class=\"updated\" datetime=\"2024-07-09T12:12:09+02:00\">\n\t\t\t09\/07\/2024\t\t<\/time>\n\t\t\t\t\t\t\t<\/li>\n\n\t\t\t\t\t\n\t\t\t\t\t\t\t\t\t\t\t<li class=\"meta-author\">\n\t\t\t\t\t\t\t\t\t<span>\n\t\t\t\t\t\t\tBy\t\t\t\t\t<\/span>\n\n\t\t\t\t\t\t\t\n\t\t<a href=\"https:\/\/add-espace.fr\/author\/addadmin5\/\" rel=\"author\">\n\t\t\t<span class=\"vcard author author_name\">\n\t\t\t\t<span class=\"fn\">addAdmin5<\/span>\n\t\t\t<\/span>\n\t\t<\/a>\n\t\t\t\t\t\t\t\t<\/li>\n\t\t\t\t\t\n\t\t\t\t\t\n\t\t\t\t\t\t\t\t\t\t\t\t<\/ul>\n\t\t\t\t\t\t\t<\/div><!-- .entry-meta -->\n\t\t\t\t\t\t\t\t\t\t\t\t\n\t\t\t\t\t\t\t<div class=\"entry-content wd-entry-content\">\n\t\t\t\t\t<p>Sur\u00e9l\u00e9vation de garage en zinc dans le Morbihan transform\u00e9 en bureau lumineux \u00e0 Nantes<\/p>\n<p class=\"read-more-section\"><a class=\"btn-read-more more-link\" href=\"https:\/\/add-espace.fr\/surelevation-de-garage-pour-bureau-nantes-add-espace\/\">Continue reading<\/a><\/p>\t\t\t\t\t\t\t\t\t<\/div><!-- .entry-content -->\n\t\t\t\n\t\t\t\n\t\t\t\t\t<\/div>\n\t<\/div>\n<\/article><!-- #post -->\n\n\n\t\t\t\t\t\n\t\t\t\t\t","status":"have-posts","nextPage":"https:\/\/add-espace.fr\/category\/realisations\/page\/3\/?woo_ajax=1","currentPage":"https:\/\/add-espace.fr\/category\/realisations\/page\/2"}