
			
				
				
					
				

			
		{"items":"\n\t\t\t\t\t\t\t\t\t\t\t\n<article id=\"post-41008\" class=\"blog-design-chess blog-post-loop blog-design-small-images blog-style-bg post-41008 post type-post status-publish format-standard has-post-thumbnail hentry category-carport-et-preau\">\n\t<div class=\"article-inner\">\n\t\t\t\t\t<header class=\"entry-header\">\n\t\t\t\t\t\t\t\t\t\n\t\t\t\t\t<figure id=\"carousel-417\" class=\"entry-thumbnail\" data-owl-carousel data-hide_pagination_control=\"yes\" data-desktop=\"1\" data-tablet=\"1\" data-tablet_landscape=\"1\" data-mobile=\"1\">\n\t\t\t\t\t\t\n\t\t\t\t\t\t\t<div class=\"post-img-wrapp\">\n\t\t\t\t\t\t\t\t<a href=\"https:\/\/add-espace.fr\/carport-imitation-zinc-a-sene-vannes-morbihan\/\">\n\t\t\t\t\t\t\t\t\t<img width=\"1024\" height=\"768\" src=\"https:\/\/add-espace.fr\/wp-content\/themes\/woodmart\/images\/lazy.png\" class=\"attachment-large size-large wp-image-40466 wd-lazy-load wd-lazy-fade\" alt=\"carport avec bandeau bac acier imitation zinc \u00e0 Vannes Add Espace\" decoding=\"async\" srcset=\"\" sizes=\"(max-width: 1024px) 100vw, 1024px\" data-wood-src=\"https:\/\/add-espace.fr\/wp-content\/uploads\/2024\/01\/carport-imitation-zinc-1024x768.jpg\" data-srcset=\"https:\/\/add-espace.fr\/wp-content\/uploads\/2024\/01\/carport-imitation-zinc-1024x768.jpg 1024w, https:\/\/add-espace.fr\/wp-content\/uploads\/2024\/01\/carport-imitation-zinc-300x225.jpg 300w, https:\/\/add-espace.fr\/wp-content\/uploads\/2024\/01\/carport-imitation-zinc-768x576.jpg 768w, https:\/\/add-espace.fr\/wp-content\/uploads\/2024\/01\/carport-imitation-zinc-1536x1152.jpg 1536w, https:\/\/add-espace.fr\/wp-content\/uploads\/2024\/01\/carport-imitation-zinc-2048x1536.jpg 2048w\" \/>\t\t\t\t\t\t\t\t<\/a>\n\t\t\t\t\t\t\t<\/div>\n\t\t\t\t\t\t\t<div class=\"post-image-mask\">\n\t\t\t\t\t\t\t\t<span><\/span>\n\t\t\t\t\t\t\t<\/div>\n\n\t\t\t\t\t\t\n\t\t\t\t\t<\/figure>\n\t\t\t\t\n\t\t\t\t\t\t\t\t\t\t\t\t<div class=\"post-date wd-post-date wd-style-with-bg\" onclick=\"\">\n\t\t\t\t<span class=\"post-date-day\">\n\t\t\t\t\t24\t\t\t\t<\/span>\n\t\t\t\t<span class=\"post-date-month\">\n\t\t\t\t\tJan\t\t\t\t<\/span>\n\t\t\t<\/div>\n\t\t\t\t\t\t\n\t\t\t<\/header><!-- .entry-header -->\n\n\t\t<div class=\"article-body-container\">\n\t\t\t\n\t\t\t\t\t\t\t\t\t<div class=\"meta-categories-wrapp\"><div class=\"meta-post-categories wd-post-cat wd-style-with-bg\"><a href=\"https:\/\/add-espace.fr\/category\/realisations\/carport-et-preau\/\" rel=\"category tag\">Les carports<\/a><\/div><\/div>\n\t\t\t\t\n\t\t\t\t\t\t\t\t\t<h3 class=\"wd-entities-title title post-title\">\n\t\t\t\t\t\t<a href=\"https:\/\/add-espace.fr\/carport-imitation-zinc-a-sene-vannes-morbihan\/\" rel=\"bookmark\">Carport imitation zinc \u00e0 S\u00e9n\u00e9 (56)<\/a>\n\t\t\t\t\t<\/h3>\n\t\t\t\t\n\t\t\t\t\t\t\t\t\t<div class=\"entry-meta wd-entry-meta\">\n\t\t\t\t\t\t\t\t\t<ul class=\"entry-meta-list\">\n\t\t\t\t\t\t\t\t\t<li class=\"modified-date\">\n\t\t\t\t\t\t\t\t<time class=\"updated\" datetime=\"2024-07-04T14:40:02+02:00\">\n\t\t\t04\/07\/2024\t\t<\/time>\n\t\t\t\t\t\t\t<\/li>\n\n\t\t\t\t\t\n\t\t\t\t\t\t\t\t\t\t\t<li class=\"meta-author\">\n\t\t\t\t\t\t\t\t\t<span>\n\t\t\t\t\t\t\tBy\t\t\t\t\t<\/span>\n\n\t\t\t\t\t\t\t\n\t\t<a href=\"https:\/\/add-espace.fr\/author\/addadmin5\/\" rel=\"author\">\n\t\t\t<span class=\"vcard author author_name\">\n\t\t\t\t<span class=\"fn\">addAdmin5<\/span>\n\t\t\t<\/span>\n\t\t<\/a>\n\t\t\t\t\t\t\t\t<\/li>\n\t\t\t\t\t\n\t\t\t\t\t\n\t\t\t\t\t\t\t\t\t\t\t\t<\/ul>\n\t\t\t\t\t\t\t<\/div><!-- .entry-meta -->\n\t\t\t\t\t\t\t\t\t\t\t\t\n\t\t\t\t\t\t\t<div class=\"entry-content wd-entry-content\">\n\t\t\t\t\t<p>Les mat\u00e9riaux ont \u00e9t\u00e9 choisi par le client pour s&rsquo;ins\u00e9rer parfaitement dans l&rsquo;environnement actuel et faire un carport pour prot\u00e9ger son v\u00e9hicule<\/p>\n<p class=\"read-more-section\"><a class=\"btn-read-more more-link\" href=\"https:\/\/add-espace.fr\/carport-imitation-zinc-a-sene-vannes-morbihan\/\">Continue reading<\/a><\/p>\t\t\t\t\t\t\t\t\t<\/div><!-- .entry-content -->\n\t\t\t\n\t\t\t\n\t\t\t\t\t<\/div>\n\t<\/div>\n<\/article><!-- #post -->\n\n\n\t\t\t\t\t\t\t\t\t\t\t\n<article id=\"post-40789\" class=\"blog-design-chess blog-post-loop blog-design-small-images blog-style-bg post-40789 post type-post status-publish format-standard has-post-thumbnail hentry category-surelevation category-nantes\">\n\t<div class=\"article-inner\">\n\t\t\t\t\t<header class=\"entry-header\">\n\t\t\t\t\t\t\t\t\t\n\t\t\t\t\t<figure id=\"carousel-280\" class=\"entry-thumbnail\" data-owl-carousel data-hide_pagination_control=\"yes\" data-desktop=\"1\" data-tablet=\"1\" data-tablet_landscape=\"1\" data-mobile=\"1\">\n\t\t\t\t\t\t\n\t\t\t\t\t\t\t<div class=\"post-img-wrapp\">\n\t\t\t\t\t\t\t\t<a href=\"https:\/\/add-espace.fr\/surelevation-bardage-neowood-casson-loire-atlantique\/\">\n\t\t\t\t\t\t\t\t\t<img width=\"1024\" height=\"788\" src=\"https:\/\/add-espace.fr\/wp-content\/themes\/woodmart\/images\/lazy.png\" class=\"attachment-large size-large wp-image-41577 wd-lazy-load wd-lazy-fade\" alt=\"Sur\u00e9l\u00e9vation de maison en ossature bois\" decoding=\"async\" srcset=\"\" sizes=\"(max-width: 1024px) 100vw, 1024px\" data-wood-src=\"https:\/\/add-espace.fr\/wp-content\/uploads\/2024\/02\/surelevation-bois-nantes-1-1024x788.png\" data-srcset=\"https:\/\/add-espace.fr\/wp-content\/uploads\/2024\/02\/surelevation-bois-nantes-1-1024x788.png 1024w, https:\/\/add-espace.fr\/wp-content\/uploads\/2024\/02\/surelevation-bois-nantes-1-300x231.png 300w, https:\/\/add-espace.fr\/wp-content\/uploads\/2024\/02\/surelevation-bois-nantes-1-768x591.png 768w, https:\/\/add-espace.fr\/wp-content\/uploads\/2024\/02\/surelevation-bois-nantes-1.png 1300w\" \/>\t\t\t\t\t\t\t\t<\/a>\n\t\t\t\t\t\t\t<\/div>\n\t\t\t\t\t\t\t<div class=\"post-image-mask\">\n\t\t\t\t\t\t\t\t<span><\/span>\n\t\t\t\t\t\t\t<\/div>\n\n\t\t\t\t\t\t\n\t\t\t\t\t<\/figure>\n\t\t\t\t\n\t\t\t\t\t\t\t\t\t\t\t\t<div class=\"post-date wd-post-date wd-style-with-bg\" onclick=\"\">\n\t\t\t\t<span class=\"post-date-day\">\n\t\t\t\t\t10\t\t\t\t<\/span>\n\t\t\t\t<span class=\"post-date-month\">\n\t\t\t\t\tJan\t\t\t\t<\/span>\n\t\t\t<\/div>\n\t\t\t\t\t\t\n\t\t\t<\/header><!-- .entry-header -->\n\n\t\t<div class=\"article-body-container\">\n\t\t\t\n\t\t\t\t\t\t\t\t\t<div class=\"meta-categories-wrapp\"><div class=\"meta-post-categories wd-post-cat wd-style-with-bg\"><a href=\"https:\/\/add-espace.fr\/category\/realisations\/surelevation\/\" rel=\"category tag\">Les sur\u00e9l\u00e9vations<\/a>, <a href=\"https:\/\/add-espace.fr\/category\/nantes\/\" rel=\"category tag\">Nantes<\/a><\/div><\/div>\n\t\t\t\t\n\t\t\t\t\t\t\t\t\t<h3 class=\"wd-entities-title title post-title\">\n\t\t\t\t\t\t<a href=\"https:\/\/add-espace.fr\/surelevation-bardage-neowood-casson-loire-atlantique\/\" rel=\"bookmark\">Sur\u00e9l\u00e9vation en bardage Neowood \u00e0 Casson (44)<\/a>\n\t\t\t\t\t<\/h3>\n\t\t\t\t\n\t\t\t\t\t\t\t\t\t<div class=\"entry-meta wd-entry-meta\">\n\t\t\t\t\t\t\t\t\t<ul class=\"entry-meta-list\">\n\t\t\t\t\t\t\t\t\t<li class=\"modified-date\">\n\t\t\t\t\t\t\t\t<time class=\"updated\" datetime=\"2024-07-09T13:09:11+02:00\">\n\t\t\t09\/07\/2024\t\t<\/time>\n\t\t\t\t\t\t\t<\/li>\n\n\t\t\t\t\t\n\t\t\t\t\t\t\t\t\t\t\t<li class=\"meta-author\">\n\t\t\t\t\t\t\t\t\t<span>\n\t\t\t\t\t\t\tBy\t\t\t\t\t<\/span>\n\n\t\t\t\t\t\t\t\n\t\t<a href=\"https:\/\/add-espace.fr\/author\/addadmin\/\" rel=\"author\">\n\t\t\t<span class=\"vcard author author_name\">\n\t\t\t\t<span class=\"fn\">Add Espace<\/span>\n\t\t\t<\/span>\n\t\t<\/a>\n\t\t\t\t\t\t\t\t<\/li>\n\t\t\t\t\t\n\t\t\t\t\t\n\t\t\t\t\t\t\t\t\t\t\t\t<\/ul>\n\t\t\t\t\t\t\t<\/div><!-- .entry-meta -->\n\t\t\t\t\t\t\t\t\t\t\t\t\n\t\t\t\t\t\t\t<div class=\"entry-content wd-entry-content\">\n\t\t\t\t\t<p>Tous les espaces ne permettent pas de r\u00e9aliser une extension horizontale alors la sur\u00e9l\u00e9vation s&rsquo;av\u00e8re \u00eatre une solution int\u00e9ressante<\/p>\n<p class=\"read-more-section\"><a class=\"btn-read-more more-link\" href=\"https:\/\/add-espace.fr\/surelevation-bardage-neowood-casson-loire-atlantique\/\">Continue reading<\/a><\/p>\t\t\t\t\t\t\t\t\t<\/div><!-- .entry-content -->\n\t\t\t\n\t\t\t\n\t\t\t\t\t<\/div>\n\t<\/div>\n<\/article><!-- #post -->\n\n\n\t\t\t\t\t\t\t\t\t\t\t\n<article id=\"post-40776\" class=\"blog-design-chess blog-post-loop blog-design-small-images blog-style-bg post-40776 post type-post status-publish format-standard has-post-thumbnail hentry category-surelevation\">\n\t<div class=\"article-inner\">\n\t\t\t\t\t<header class=\"entry-header\">\n\t\t\t\t\t\t\t\t\t\n\t\t\t\t\t<figure id=\"carousel-721\" class=\"entry-thumbnail\" data-owl-carousel data-hide_pagination_control=\"yes\" data-desktop=\"1\" data-tablet=\"1\" data-tablet_landscape=\"1\" data-mobile=\"1\">\n\t\t\t\t\t\t\n\t\t\t\t\t\t\t<div class=\"post-img-wrapp\">\n\t\t\t\t\t\t\t\t<a href=\"https:\/\/add-espace.fr\/surelevation-pour-atelier-de-couture-add-espace-56\/\">\n\t\t\t\t\t\t\t\t\t<img width=\"1024\" height=\"788\" src=\"https:\/\/add-espace.fr\/wp-content\/themes\/woodmart\/images\/lazy.png\" class=\"attachment-large size-large wp-image-40777 wd-lazy-load wd-lazy-fade\" alt=\"Photo de surelevation atelier de couture\" decoding=\"async\" srcset=\"\" sizes=\"(max-width: 1024px) 100vw, 1024px\" data-wood-src=\"https:\/\/add-espace.fr\/wp-content\/uploads\/2024\/01\/surelevation-bois-atelier-de-couture-2-1024x788.png\" data-srcset=\"https:\/\/add-espace.fr\/wp-content\/uploads\/2024\/01\/surelevation-bois-atelier-de-couture-2-1024x788.png 1024w, https:\/\/add-espace.fr\/wp-content\/uploads\/2024\/01\/surelevation-bois-atelier-de-couture-2-300x231.png 300w, https:\/\/add-espace.fr\/wp-content\/uploads\/2024\/01\/surelevation-bois-atelier-de-couture-2-768x591.png 768w, https:\/\/add-espace.fr\/wp-content\/uploads\/2024\/01\/surelevation-bois-atelier-de-couture-2.png 1300w\" \/>\t\t\t\t\t\t\t\t<\/a>\n\t\t\t\t\t\t\t<\/div>\n\t\t\t\t\t\t\t<div class=\"post-image-mask\">\n\t\t\t\t\t\t\t\t<span><\/span>\n\t\t\t\t\t\t\t<\/div>\n\n\t\t\t\t\t\t\n\t\t\t\t\t<\/figure>\n\t\t\t\t\n\t\t\t\t\t\t\t\t\t\t\t\t<div class=\"post-date wd-post-date wd-style-with-bg\" onclick=\"\">\n\t\t\t\t<span class=\"post-date-day\">\n\t\t\t\t\t10\t\t\t\t<\/span>\n\t\t\t\t<span class=\"post-date-month\">\n\t\t\t\t\tJan\t\t\t\t<\/span>\n\t\t\t<\/div>\n\t\t\t\t\t\t\n\t\t\t<\/header><!-- .entry-header -->\n\n\t\t<div class=\"article-body-container\">\n\t\t\t\n\t\t\t\t\t\t\t\t\t<div class=\"meta-categories-wrapp\"><div class=\"meta-post-categories wd-post-cat wd-style-with-bg\"><a href=\"https:\/\/add-espace.fr\/category\/realisations\/surelevation\/\" rel=\"category tag\">Les sur\u00e9l\u00e9vations<\/a><\/div><\/div>\n\t\t\t\t\n\t\t\t\t\t\t\t\t\t<h3 class=\"wd-entities-title title post-title\">\n\t\t\t\t\t\t<a href=\"https:\/\/add-espace.fr\/surelevation-pour-atelier-de-couture-add-espace-56\/\" rel=\"bookmark\">Sur\u00e9l\u00e9vation pour atelier de couture &#8211; Morbihan 56<\/a>\n\t\t\t\t\t<\/h3>\n\t\t\t\t\n\t\t\t\t\t\t\t\t\t<div class=\"entry-meta wd-entry-meta\">\n\t\t\t\t\t\t\t\t\t<ul class=\"entry-meta-list\">\n\t\t\t\t\t\t\t\t\t<li class=\"modified-date\">\n\t\t\t\t\t\t\t\t<time class=\"updated\" datetime=\"2024-11-13T11:45:33+02:00\">\n\t\t\t13\/11\/2024\t\t<\/time>\n\t\t\t\t\t\t\t<\/li>\n\n\t\t\t\t\t\n\t\t\t\t\t\t\t\t\t\t\t<li class=\"meta-author\">\n\t\t\t\t\t\t\t\t\t<span>\n\t\t\t\t\t\t\tBy\t\t\t\t\t<\/span>\n\n\t\t\t\t\t\t\t\n\t\t<a href=\"https:\/\/add-espace.fr\/author\/addadmin\/\" rel=\"author\">\n\t\t\t<span class=\"vcard author author_name\">\n\t\t\t\t<span class=\"fn\">Add Espace<\/span>\n\t\t\t<\/span>\n\t\t<\/a>\n\t\t\t\t\t\t\t\t<\/li>\n\t\t\t\t\t\n\t\t\t\t\t\n\t\t\t\t\t\t\t\t\t\t\t\t<\/ul>\n\t\t\t\t\t\t\t<\/div><!-- .entry-meta -->\n\t\t\t\t\t\t\t\t\t\t\t\t\n\t\t\t\t\t\t\t<div class=\"entry-content wd-entry-content\">\n\t\t\t\t\t<p>Cette sur\u00e9l\u00e9vation a \u00e9t\u00e9 r\u00e9alis\u00e9e pour accueillir l&rsquo;atelier de couture des r\u00eaves de nos clients<\/p>\n<p class=\"read-more-section\"><a class=\"btn-read-more more-link\" href=\"https:\/\/add-espace.fr\/surelevation-pour-atelier-de-couture-add-espace-56\/\">Continue reading<\/a><\/p>\t\t\t\t\t\t\t\t\t<\/div><!-- .entry-content -->\n\t\t\t\n\t\t\t\n\t\t\t\t\t<\/div>\n\t<\/div>\n<\/article><!-- #post -->\n\n\n\t\t\t\t\t\t\t\t\t\t\t\n<article id=\"post-40763\" class=\"blog-design-chess blog-post-loop blog-design-small-images blog-style-bg post-40763 post type-post status-publish format-standard has-post-thumbnail hentry category-carport-et-preau\">\n\t<div class=\"article-inner\">\n\t\t\t\t\t<header class=\"entry-header\">\n\t\t\t\t\t\t\t\t\t\n\t\t\t\t\t<figure id=\"carousel-429\" class=\"entry-thumbnail\" data-owl-carousel data-hide_pagination_control=\"yes\" data-desktop=\"1\" data-tablet=\"1\" data-tablet_landscape=\"1\" data-mobile=\"1\">\n\t\t\t\t\t\t\n\t\t\t\t\t\t\t<div class=\"post-img-wrapp\">\n\t\t\t\t\t\t\t\t<a href=\"https:\/\/add-espace.fr\/carport-xxl-pour-caravane-rennes-add-espace\/\">\n\t\t\t\t\t\t\t\t\t<img width=\"1024\" height=\"787\" src=\"https:\/\/add-espace.fr\/wp-content\/themes\/woodmart\/images\/lazy.png\" class=\"attachment-large size-large wp-image-41310 wd-lazy-load wd-lazy-fade\" alt=\"carport xxl rennes 35 vue de face avec camion\" decoding=\"async\" srcset=\"\" sizes=\"(max-width: 1024px) 100vw, 1024px\" data-wood-src=\"https:\/\/add-espace.fr\/wp-content\/uploads\/2024\/01\/carport-xxl-rennes-35-1024x787.png\" data-srcset=\"https:\/\/add-espace.fr\/wp-content\/uploads\/2024\/01\/carport-xxl-rennes-35-1024x787.png 1024w, https:\/\/add-espace.fr\/wp-content\/uploads\/2024\/01\/carport-xxl-rennes-35-300x231.png 300w, https:\/\/add-espace.fr\/wp-content\/uploads\/2024\/01\/carport-xxl-rennes-35-768x591.png 768w, https:\/\/add-espace.fr\/wp-content\/uploads\/2024\/01\/carport-xxl-rennes-35.png 1138w\" \/>\t\t\t\t\t\t\t\t<\/a>\n\t\t\t\t\t\t\t<\/div>\n\t\t\t\t\t\t\t<div class=\"post-image-mask\">\n\t\t\t\t\t\t\t\t<span><\/span>\n\t\t\t\t\t\t\t<\/div>\n\n\t\t\t\t\t\t\n\t\t\t\t\t<\/figure>\n\t\t\t\t\n\t\t\t\t\t\t\t\t\t\t\t\t<div class=\"post-date wd-post-date wd-style-with-bg\" onclick=\"\">\n\t\t\t\t<span class=\"post-date-day\">\n\t\t\t\t\t10\t\t\t\t<\/span>\n\t\t\t\t<span class=\"post-date-month\">\n\t\t\t\t\tJan\t\t\t\t<\/span>\n\t\t\t<\/div>\n\t\t\t\t\t\t\n\t\t\t<\/header><!-- .entry-header -->\n\n\t\t<div class=\"article-body-container\">\n\t\t\t\n\t\t\t\t\t\t\t\t\t<div class=\"meta-categories-wrapp\"><div class=\"meta-post-categories wd-post-cat wd-style-with-bg\"><a href=\"https:\/\/add-espace.fr\/category\/realisations\/carport-et-preau\/\" rel=\"category tag\">Les carports<\/a><\/div><\/div>\n\t\t\t\t\n\t\t\t\t\t\t\t\t\t<h3 class=\"wd-entities-title title post-title\">\n\t\t\t\t\t\t<a href=\"https:\/\/add-espace.fr\/carport-xxl-pour-caravane-rennes-add-espace\/\" rel=\"bookmark\">Carport XXL pour caravane \u00e0 Rennes (35)<\/a>\n\t\t\t\t\t<\/h3>\n\t\t\t\t\n\t\t\t\t\t\t\t\t\t<div class=\"entry-meta wd-entry-meta\">\n\t\t\t\t\t\t\t\t\t<ul class=\"entry-meta-list\">\n\t\t\t\t\t\t\t\t\t<li class=\"modified-date\">\n\t\t\t\t\t\t\t\t<time class=\"updated\" datetime=\"2024-07-04T13:53:24+02:00\">\n\t\t\t04\/07\/2024\t\t<\/time>\n\t\t\t\t\t\t\t<\/li>\n\n\t\t\t\t\t\n\t\t\t\t\t\t\t\t\t\t\t<li class=\"meta-author\">\n\t\t\t\t\t\t\t\t\t<span>\n\t\t\t\t\t\t\tBy\t\t\t\t\t<\/span>\n\n\t\t\t\t\t\t\t\n\t\t<a href=\"https:\/\/add-espace.fr\/author\/addadmin\/\" rel=\"author\">\n\t\t\t<span class=\"vcard author author_name\">\n\t\t\t\t<span class=\"fn\">Add Espace<\/span>\n\t\t\t<\/span>\n\t\t<\/a>\n\t\t\t\t\t\t\t\t<\/li>\n\t\t\t\t\t\n\t\t\t\t\t\n\t\t\t\t\t\t\t\t\t\t\t\t<\/ul>\n\t\t\t\t\t\t\t<\/div><!-- .entry-meta -->\n\t\t\t\t\t\t\t\t\t\t\t\t\n\t\t\t\t\t\t\t<div class=\"entry-content wd-entry-content\">\n\t\t\t\t\t<p>Fini de laisser votre caravane ou camion sous la pluie !<\/p>\n<p class=\"read-more-section\"><a class=\"btn-read-more more-link\" href=\"https:\/\/add-espace.fr\/carport-xxl-pour-caravane-rennes-add-espace\/\">Continue reading<\/a><\/p>\t\t\t\t\t\t\t\t\t<\/div><!-- .entry-content -->\n\t\t\t\n\t\t\t\n\t\t\t\t\t<\/div>\n\t<\/div>\n<\/article><!-- #post -->\n\n\n\t\t\t\t\t\t\t\t\t\t\t\n<article id=\"post-40757\" class=\"blog-design-chess blog-post-loop blog-design-small-images blog-style-bg post-40757 post type-post status-publish format-standard has-post-thumbnail hentry category-extension-habitation\">\n\t<div class=\"article-inner\">\n\t\t\t\t\t<header class=\"entry-header\">\n\t\t\t\t\t\t\t\t\t\n\t\t\t\t\t<figure id=\"carousel-862\" class=\"entry-thumbnail\" data-owl-carousel data-hide_pagination_control=\"yes\" data-desktop=\"1\" data-tablet=\"1\" data-tablet_landscape=\"1\" data-mobile=\"1\">\n\t\t\t\t\t\t\n\t\t\t\t\t\t\t<div class=\"post-img-wrapp\">\n\t\t\t\t\t\t\t\t<a href=\"https:\/\/add-espace.fr\/extension-bardage-composite-surzur-morbihan\/\">\n\t\t\t\t\t\t\t\t\t<img width=\"1024\" height=\"788\" src=\"https:\/\/add-espace.fr\/wp-content\/themes\/woodmart\/images\/lazy.png\" class=\"attachment-large size-large wp-image-40758 wd-lazy-load wd-lazy-fade\" alt=\"extension bardage composite surzur\" decoding=\"async\" srcset=\"\" sizes=\"(max-width: 1024px) 100vw, 1024px\" data-wood-src=\"https:\/\/add-espace.fr\/wp-content\/uploads\/2024\/01\/extension-surzur-1024x788.png\" data-srcset=\"https:\/\/add-espace.fr\/wp-content\/uploads\/2024\/01\/extension-surzur-1024x788.png 1024w, https:\/\/add-espace.fr\/wp-content\/uploads\/2024\/01\/extension-surzur-300x231.png 300w, https:\/\/add-espace.fr\/wp-content\/uploads\/2024\/01\/extension-surzur-768x591.png 768w, https:\/\/add-espace.fr\/wp-content\/uploads\/2024\/01\/extension-surzur.png 1300w\" \/>\t\t\t\t\t\t\t\t<\/a>\n\t\t\t\t\t\t\t<\/div>\n\t\t\t\t\t\t\t<div class=\"post-image-mask\">\n\t\t\t\t\t\t\t\t<span><\/span>\n\t\t\t\t\t\t\t<\/div>\n\n\t\t\t\t\t\t\n\t\t\t\t\t<\/figure>\n\t\t\t\t\n\t\t\t\t\t\t\t\t\t\t\t\t<div class=\"post-date wd-post-date wd-style-with-bg\" onclick=\"\">\n\t\t\t\t<span class=\"post-date-day\">\n\t\t\t\t\t10\t\t\t\t<\/span>\n\t\t\t\t<span class=\"post-date-month\">\n\t\t\t\t\tJan\t\t\t\t<\/span>\n\t\t\t<\/div>\n\t\t\t\t\t\t\n\t\t\t<\/header><!-- .entry-header -->\n\n\t\t<div class=\"article-body-container\">\n\t\t\t\n\t\t\t\t\t\t\t\t\t<div class=\"meta-categories-wrapp\"><div class=\"meta-post-categories wd-post-cat wd-style-with-bg\"><a href=\"https:\/\/add-espace.fr\/category\/realisations\/extension-habitation\/\" rel=\"category tag\">Les extensions<\/a><\/div><\/div>\n\t\t\t\t\n\t\t\t\t\t\t\t\t\t<h3 class=\"wd-entities-title title post-title\">\n\t\t\t\t\t\t<a href=\"https:\/\/add-espace.fr\/extension-bardage-composite-surzur-morbihan\/\" rel=\"bookmark\">Extension en bardage composite \u00e0 Surzur (56)<\/a>\n\t\t\t\t\t<\/h3>\n\t\t\t\t\n\t\t\t\t\t\t\t\t\t<div class=\"entry-meta wd-entry-meta\">\n\t\t\t\t\t\t\t\t\t<ul class=\"entry-meta-list\">\n\t\t\t\t\t\t\t\t\t<li class=\"modified-date\">\n\t\t\t\t\t\t\t\t<time class=\"updated\" datetime=\"2024-07-04T13:59:16+02:00\">\n\t\t\t04\/07\/2024\t\t<\/time>\n\t\t\t\t\t\t\t<\/li>\n\n\t\t\t\t\t\n\t\t\t\t\t\t\t\t\t\t\t<li class=\"meta-author\">\n\t\t\t\t\t\t\t\t\t<span>\n\t\t\t\t\t\t\tBy\t\t\t\t\t<\/span>\n\n\t\t\t\t\t\t\t\n\t\t<a href=\"https:\/\/add-espace.fr\/author\/addadmin\/\" rel=\"author\">\n\t\t\t<span class=\"vcard author author_name\">\n\t\t\t\t<span class=\"fn\">Add Espace<\/span>\n\t\t\t<\/span>\n\t\t<\/a>\n\t\t\t\t\t\t\t\t<\/li>\n\t\t\t\t\t\n\t\t\t\t\t\n\t\t\t\t\t\t\t\t\t\t\t\t<\/ul>\n\t\t\t\t\t\t\t<\/div><!-- .entry-meta -->\n\t\t\t\t\t\t\t\t\t\t\t\t\n\t\t\t\t\t\t\t<div class=\"entry-content wd-entry-content\">\n\t\t\t\t\t<p>Des extensions de la couleur et des mat\u00e9riaux de votre choix.<\/p>\n<p class=\"read-more-section\"><a class=\"btn-read-more more-link\" href=\"https:\/\/add-espace.fr\/extension-bardage-composite-surzur-morbihan\/\">Continue reading<\/a><\/p>\t\t\t\t\t\t\t\t\t<\/div><!-- .entry-content -->\n\t\t\t\n\t\t\t\n\t\t\t\t\t<\/div>\n\t<\/div>\n<\/article><!-- #post -->\n\n\n\t\t\t\t\t\t\t\t\t\t\t\n<article id=\"post-40744\" class=\"blog-design-chess blog-post-loop blog-design-small-images blog-style-bg post-40744 post type-post status-publish format-standard has-post-thumbnail hentry category-extension-habitation\">\n\t<div class=\"article-inner\">\n\t\t\t\t\t<header class=\"entry-header\">\n\t\t\t\t\t\t\t\t\t\n\t\t\t\t\t<figure id=\"carousel-967\" class=\"entry-thumbnail\" data-owl-carousel data-hide_pagination_control=\"yes\" data-desktop=\"1\" data-tablet=\"1\" data-tablet_landscape=\"1\" data-mobile=\"1\">\n\t\t\t\t\t\t\n\t\t\t\t\t\t\t<div class=\"post-img-wrapp\">\n\t\t\t\t\t\t\t\t<a href=\"https:\/\/add-espace.fr\/double-extension-avec-terrasse-parisienne-add-espace\/\">\n\t\t\t\t\t\t\t\t\t<img width=\"1024\" height=\"788\" src=\"https:\/\/add-espace.fr\/wp-content\/themes\/woodmart\/images\/lazy.png\" class=\"attachment-large size-large wp-image-40932 wd-lazy-load wd-lazy-fade\" alt=\"double extension terrasse\" decoding=\"async\" srcset=\"\" sizes=\"(max-width: 1024px) 100vw, 1024px\" data-wood-src=\"https:\/\/add-espace.fr\/wp-content\/uploads\/2024\/01\/double-extension-terrasse-paris-1024x788.png\" data-srcset=\"https:\/\/add-espace.fr\/wp-content\/uploads\/2024\/01\/double-extension-terrasse-paris-1024x788.png 1024w, https:\/\/add-espace.fr\/wp-content\/uploads\/2024\/01\/double-extension-terrasse-paris-300x231.png 300w, https:\/\/add-espace.fr\/wp-content\/uploads\/2024\/01\/double-extension-terrasse-paris-768x591.png 768w, https:\/\/add-espace.fr\/wp-content\/uploads\/2024\/01\/double-extension-terrasse-paris.png 1198w\" \/>\t\t\t\t\t\t\t\t<\/a>\n\t\t\t\t\t\t\t<\/div>\n\t\t\t\t\t\t\t<div class=\"post-image-mask\">\n\t\t\t\t\t\t\t\t<span><\/span>\n\t\t\t\t\t\t\t<\/div>\n\n\t\t\t\t\t\t\n\t\t\t\t\t<\/figure>\n\t\t\t\t\n\t\t\t\t\t\t\t\t\t\t\t\t<div class=\"post-date wd-post-date wd-style-with-bg\" onclick=\"\">\n\t\t\t\t<span class=\"post-date-day\">\n\t\t\t\t\t10\t\t\t\t<\/span>\n\t\t\t\t<span class=\"post-date-month\">\n\t\t\t\t\tJan\t\t\t\t<\/span>\n\t\t\t<\/div>\n\t\t\t\t\t\t\n\t\t\t<\/header><!-- .entry-header -->\n\n\t\t<div class=\"article-body-container\">\n\t\t\t\n\t\t\t\t\t\t\t\t\t<div class=\"meta-categories-wrapp\"><div class=\"meta-post-categories wd-post-cat wd-style-with-bg\"><a href=\"https:\/\/add-espace.fr\/category\/realisations\/extension-habitation\/\" rel=\"category tag\">Les extensions<\/a><\/div><\/div>\n\t\t\t\t\n\t\t\t\t\t\t\t\t\t<h3 class=\"wd-entities-title title post-title\">\n\t\t\t\t\t\t<a href=\"https:\/\/add-espace.fr\/double-extension-avec-terrasse-parisienne-add-espace\/\" rel=\"bookmark\">Double extension avec terrasse en r\u00e9gion parisienne (78)<\/a>\n\t\t\t\t\t<\/h3>\n\t\t\t\t\n\t\t\t\t\t\t\t\t\t<div class=\"entry-meta wd-entry-meta\">\n\t\t\t\t\t\t\t\t\t<ul class=\"entry-meta-list\">\n\t\t\t\t\t\t\t\t\t<li class=\"modified-date\">\n\t\t\t\t\t\t\t\t<time class=\"updated\" datetime=\"2024-07-04T14:02:57+02:00\">\n\t\t\t04\/07\/2024\t\t<\/time>\n\t\t\t\t\t\t\t<\/li>\n\n\t\t\t\t\t\n\t\t\t\t\t\t\t\t\t\t\t<li class=\"meta-author\">\n\t\t\t\t\t\t\t\t\t<span>\n\t\t\t\t\t\t\tBy\t\t\t\t\t<\/span>\n\n\t\t\t\t\t\t\t\n\t\t<a href=\"https:\/\/add-espace.fr\/author\/addadmin\/\" rel=\"author\">\n\t\t\t<span class=\"vcard author author_name\">\n\t\t\t\t<span class=\"fn\">Add Espace<\/span>\n\t\t\t<\/span>\n\t\t<\/a>\n\t\t\t\t\t\t\t\t<\/li>\n\t\t\t\t\t\n\t\t\t\t\t\n\t\t\t\t\t\t\t\t\t\t\t\t<\/ul>\n\t\t\t\t\t\t\t<\/div><!-- .entry-meta -->\n\t\t\t\t\t\t\t\t\t\t\t\t\n\t\t\t\t\t\t\t<div class=\"entry-content wd-entry-content\">\n\t\t\t\t\t<p>Notre plus gros projet de 2023 : une double extension avec terrasse en r\u00e9gion parisienne<\/p>\n<p class=\"read-more-section\"><a class=\"btn-read-more more-link\" href=\"https:\/\/add-espace.fr\/double-extension-avec-terrasse-parisienne-add-espace\/\">Continue reading<\/a><\/p>\t\t\t\t\t\t\t\t\t<\/div><!-- .entry-content -->\n\t\t\t\n\t\t\t\n\t\t\t\t\t<\/div>\n\t<\/div>\n<\/article><!-- #post -->\n\n\n\t\t\t\t\t\t\t\t\t\t\t\n<article id=\"post-40729\" class=\"blog-design-chess blog-post-loop blog-design-small-images blog-style-bg post-40729 post type-post status-publish format-standard has-post-thumbnail hentry category-extension-habitation\">\n\t<div class=\"article-inner\">\n\t\t\t\t\t<header class=\"entry-header\">\n\t\t\t\t\t\t\t\t\t\n\t\t\t\t\t<figure id=\"carousel-812\" class=\"entry-thumbnail\" data-owl-carousel data-hide_pagination_control=\"yes\" data-desktop=\"1\" data-tablet=\"1\" data-tablet_landscape=\"1\" data-mobile=\"1\">\n\t\t\t\t\t\t\n\t\t\t\t\t\t\t<div class=\"post-img-wrapp\">\n\t\t\t\t\t\t\t\t<a href=\"https:\/\/add-espace.fr\/extension-en-bord-de-mer-lorient-morbihan\/\">\n\t\t\t\t\t\t\t\t\t<img width=\"1024\" height=\"787\" src=\"https:\/\/add-espace.fr\/wp-content\/themes\/woodmart\/images\/lazy.png\" class=\"attachment-large size-large wp-image-41277 wd-lazy-load wd-lazy-fade\" alt=\"extension en bord de mer lorient morbihan - Agrandissement de maison dans le Morbihan -\" decoding=\"async\" srcset=\"\" sizes=\"(max-width: 1024px) 100vw, 1024px\" data-wood-src=\"https:\/\/add-espace.fr\/wp-content\/uploads\/2024\/01\/extension-bord-de-mer-lorient-56-1024x787.png\" data-srcset=\"https:\/\/add-espace.fr\/wp-content\/uploads\/2024\/01\/extension-bord-de-mer-lorient-56-1024x787.png 1024w, https:\/\/add-espace.fr\/wp-content\/uploads\/2024\/01\/extension-bord-de-mer-lorient-56-300x231.png 300w, https:\/\/add-espace.fr\/wp-content\/uploads\/2024\/01\/extension-bord-de-mer-lorient-56-768x591.png 768w, https:\/\/add-espace.fr\/wp-content\/uploads\/2024\/01\/extension-bord-de-mer-lorient-56.png 1138w\" \/>\t\t\t\t\t\t\t\t<\/a>\n\t\t\t\t\t\t\t<\/div>\n\t\t\t\t\t\t\t<div class=\"post-image-mask\">\n\t\t\t\t\t\t\t\t<span><\/span>\n\t\t\t\t\t\t\t<\/div>\n\n\t\t\t\t\t\t\n\t\t\t\t\t<\/figure>\n\t\t\t\t\n\t\t\t\t\t\t\t\t\t\t\t\t<div class=\"post-date wd-post-date wd-style-with-bg\" onclick=\"\">\n\t\t\t\t<span class=\"post-date-day\">\n\t\t\t\t\t10\t\t\t\t<\/span>\n\t\t\t\t<span class=\"post-date-month\">\n\t\t\t\t\tJan\t\t\t\t<\/span>\n\t\t\t<\/div>\n\t\t\t\t\t\t\n\t\t\t<\/header><!-- .entry-header -->\n\n\t\t<div class=\"article-body-container\">\n\t\t\t\n\t\t\t\t\t\t\t\t\t<div class=\"meta-categories-wrapp\"><div class=\"meta-post-categories wd-post-cat wd-style-with-bg\"><a href=\"https:\/\/add-espace.fr\/category\/realisations\/extension-habitation\/\" rel=\"category tag\">Les extensions<\/a><\/div><\/div>\n\t\t\t\t\n\t\t\t\t\t\t\t\t\t<h3 class=\"wd-entities-title title post-title\">\n\t\t\t\t\t\t<a href=\"https:\/\/add-espace.fr\/extension-en-bord-de-mer-lorient-morbihan\/\" rel=\"bookmark\">Extension en bord de mer \u00e0 Lorient (56)<\/a>\n\t\t\t\t\t<\/h3>\n\t\t\t\t\n\t\t\t\t\t\t\t\t\t<div class=\"entry-meta wd-entry-meta\">\n\t\t\t\t\t\t\t\t\t<ul class=\"entry-meta-list\">\n\t\t\t\t\t\t\t\t\t<li class=\"modified-date\">\n\t\t\t\t\t\t\t\t<time class=\"updated\" datetime=\"2025-10-16T11:14:55+02:00\">\n\t\t\t16\/10\/2025\t\t<\/time>\n\t\t\t\t\t\t\t<\/li>\n\n\t\t\t\t\t\n\t\t\t\t\t\t\t\t\t\t\t<li class=\"meta-author\">\n\t\t\t\t\t\t\t\t\t<span>\n\t\t\t\t\t\t\tBy\t\t\t\t\t<\/span>\n\n\t\t\t\t\t\t\t\n\t\t<a href=\"https:\/\/add-espace.fr\/author\/addadmin\/\" rel=\"author\">\n\t\t\t<span class=\"vcard author author_name\">\n\t\t\t\t<span class=\"fn\">Add Espace<\/span>\n\t\t\t<\/span>\n\t\t<\/a>\n\t\t\t\t\t\t\t\t<\/li>\n\t\t\t\t\t\n\t\t\t\t\t\n\t\t\t\t\t\t\t\t\t\t\t\t<\/ul>\n\t\t\t\t\t\t\t<\/div><!-- .entry-meta -->\n\t\t\t\t\t\t\t\t\t\t\t\t\n\t\t\t\t\t\t\t<div class=\"entry-content wd-entry-content\">\n\t\t\t\t\t<p>Pour se sentir en vacances mais&#8230; chez soi<\/p>\n<p class=\"read-more-section\"><a class=\"btn-read-more more-link\" href=\"https:\/\/add-espace.fr\/extension-en-bord-de-mer-lorient-morbihan\/\">Continue reading<\/a><\/p>\t\t\t\t\t\t\t\t\t<\/div><!-- .entry-content -->\n\t\t\t\n\t\t\t\n\t\t\t\t\t<\/div>\n\t<\/div>\n<\/article><!-- #post -->\n\n\n\t\t\t\t\t\t\t\t\t\t\t\n<article id=\"post-40711\" class=\"blog-design-chess blog-post-loop blog-design-small-images blog-style-bg post-40711 post type-post status-publish format-standard has-post-thumbnail hentry category-vannes category-pergola-morbihan\">\n\t<div class=\"article-inner\">\n\t\t\t\t\t<header class=\"entry-header\">\n\t\t\t\t\t\t\t\t\t\n\t\t\t\t\t<figure id=\"carousel-934\" class=\"entry-thumbnail\" data-owl-carousel data-hide_pagination_control=\"yes\" data-desktop=\"1\" data-tablet=\"1\" data-tablet_landscape=\"1\" data-mobile=\"1\">\n\t\t\t\t\t\t\n\t\t\t\t\t\t\t<div class=\"post-img-wrapp\">\n\t\t\t\t\t\t\t\t<a href=\"https:\/\/add-espace.fr\/grand-preau-menuiseries-vannes-centre-morbihan-56\/\">\n\t\t\t\t\t\t\t\t\t<img width=\"1024\" height=\"787\" src=\"https:\/\/add-espace.fr\/wp-content\/themes\/woodmart\/images\/lazy.png\" class=\"attachment-large size-large wp-image-41324 wd-lazy-load wd-lazy-fade\" alt=\"preau-vannes\" decoding=\"async\" srcset=\"\" sizes=\"(max-width: 1024px) 100vw, 1024px\" data-wood-src=\"https:\/\/add-espace.fr\/wp-content\/uploads\/2024\/01\/carport-vue-droite-vannes-1024x787.png\" data-srcset=\"https:\/\/add-espace.fr\/wp-content\/uploads\/2024\/01\/carport-vue-droite-vannes-1024x787.png 1024w, https:\/\/add-espace.fr\/wp-content\/uploads\/2024\/01\/carport-vue-droite-vannes-300x231.png 300w, https:\/\/add-espace.fr\/wp-content\/uploads\/2024\/01\/carport-vue-droite-vannes-768x591.png 768w, https:\/\/add-espace.fr\/wp-content\/uploads\/2024\/01\/carport-vue-droite-vannes.png 1138w\" \/>\t\t\t\t\t\t\t\t<\/a>\n\t\t\t\t\t\t\t<\/div>\n\t\t\t\t\t\t\t<div class=\"post-image-mask\">\n\t\t\t\t\t\t\t\t<span><\/span>\n\t\t\t\t\t\t\t<\/div>\n\n\t\t\t\t\t\t\n\t\t\t\t\t<\/figure>\n\t\t\t\t\n\t\t\t\t\t\t\t\t\t\t\t\t<div class=\"post-date wd-post-date wd-style-with-bg\" onclick=\"\">\n\t\t\t\t<span class=\"post-date-day\">\n\t\t\t\t\t10\t\t\t\t<\/span>\n\t\t\t\t<span class=\"post-date-month\">\n\t\t\t\t\tJan\t\t\t\t<\/span>\n\t\t\t<\/div>\n\t\t\t\t\t\t\n\t\t\t<\/header><!-- .entry-header -->\n\n\t\t<div class=\"article-body-container\">\n\t\t\t\n\t\t\t\t\t\t\t\t\t<div class=\"meta-categories-wrapp\"><div class=\"meta-post-categories wd-post-cat wd-style-with-bg\"><a href=\"https:\/\/add-espace.fr\/category\/vannes\/\" rel=\"category tag\">Vannes<\/a>, <a href=\"https:\/\/add-espace.fr\/category\/realisations\/pergola-morbihan\/\" rel=\"category tag\">Les pergolas et pr\u00e9aux<\/a><\/div><\/div>\n\t\t\t\t\n\t\t\t\t\t\t\t\t\t<h3 class=\"wd-entities-title title post-title\">\n\t\t\t\t\t\t<a href=\"https:\/\/add-espace.fr\/grand-preau-menuiseries-vannes-centre-morbihan-56\/\" rel=\"bookmark\">Grand pr\u00e9au avec menuiseries \u00e0 Vannes (56)<\/a>\n\t\t\t\t\t<\/h3>\n\t\t\t\t\n\t\t\t\t\t\t\t\t\t<div class=\"entry-meta wd-entry-meta\">\n\t\t\t\t\t\t\t\t\t<ul class=\"entry-meta-list\">\n\t\t\t\t\t\t\t\t\t<li class=\"modified-date\">\n\t\t\t\t\t\t\t\t<time class=\"updated\" datetime=\"2025-12-10T20:47:04+02:00\">\n\t\t\t10\/12\/2025\t\t<\/time>\n\t\t\t\t\t\t\t<\/li>\n\n\t\t\t\t\t\n\t\t\t\t\t\t\t\t\t\t\t<li class=\"meta-author\">\n\t\t\t\t\t\t\t\t\t<span>\n\t\t\t\t\t\t\tBy\t\t\t\t\t<\/span>\n\n\t\t\t\t\t\t\t\n\t\t<a href=\"https:\/\/add-espace.fr\/author\/addadmin\/\" rel=\"author\">\n\t\t\t<span class=\"vcard author author_name\">\n\t\t\t\t<span class=\"fn\">Add Espace<\/span>\n\t\t\t<\/span>\n\t\t<\/a>\n\t\t\t\t\t\t\t\t<\/li>\n\t\t\t\t\t\n\t\t\t\t\t\n\t\t\t\t\t\t\t\t\t\t\t\t<\/ul>\n\t\t\t\t\t\t\t<\/div><!-- .entry-meta -->\n\t\t\t\t\t\t\t\t\t\t\t\t\n\t\t\t\t\t\t\t<div class=\"entry-content wd-entry-content\">\n\t\t\t\t\t<p>Nos pr\u00e9aux se marient facilement \u00e0 votre jardin<\/p>\n<p class=\"read-more-section\"><a class=\"btn-read-more more-link\" href=\"https:\/\/add-espace.fr\/grand-preau-menuiseries-vannes-centre-morbihan-56\/\">Continue reading<\/a><\/p>\t\t\t\t\t\t\t\t\t<\/div><!-- .entry-content -->\n\t\t\t\n\t\t\t\n\t\t\t\t\t<\/div>\n\t<\/div>\n<\/article><!-- #post -->\n\n\n\t\t\t\t\t\t\t\t\t\t\t\n<article id=\"post-40602\" class=\"blog-design-chess blog-post-loop blog-design-small-images blog-style-bg post-40602 post type-post status-publish format-standard has-post-thumbnail hentry category-extension-habitation\">\n\t<div class=\"article-inner\">\n\t\t\t\t\t<header class=\"entry-header\">\n\t\t\t\t\t\t\t\t\t\n\t\t\t\t\t<figure id=\"carousel-492\" class=\"entry-thumbnail\" data-owl-carousel data-hide_pagination_control=\"yes\" data-desktop=\"1\" data-tablet=\"1\" data-tablet_landscape=\"1\" data-mobile=\"1\">\n\t\t\t\t\t\t\n\t\t\t\t\t\t\t<div class=\"post-img-wrapp\">\n\t\t\t\t\t\t\t\t<a href=\"https:\/\/add-espace.fr\/extension-maconnee-plouhinec-lorient-morbihan\/\">\n\t\t\t\t\t\t\t\t\t<img width=\"1024\" height=\"788\" src=\"https:\/\/add-espace.fr\/wp-content\/themes\/woodmart\/images\/lazy.png\" class=\"attachment-large size-large wp-image-41793 wd-lazy-load wd-lazy-fade\" alt=\"ossature-maconnee-etel\" decoding=\"async\" srcset=\"\" sizes=\"(max-width: 1024px) 100vw, 1024px\" data-wood-src=\"https:\/\/add-espace.fr\/wp-content\/uploads\/2024\/01\/ossature-maconnee-etel-1024x788.png\" data-srcset=\"https:\/\/add-espace.fr\/wp-content\/uploads\/2024\/01\/ossature-maconnee-etel-1024x788.png 1024w, https:\/\/add-espace.fr\/wp-content\/uploads\/2024\/01\/ossature-maconnee-etel-300x231.png 300w, https:\/\/add-espace.fr\/wp-content\/uploads\/2024\/01\/ossature-maconnee-etel-768x591.png 768w, https:\/\/add-espace.fr\/wp-content\/uploads\/2024\/01\/ossature-maconnee-etel.png 1300w\" \/>\t\t\t\t\t\t\t\t<\/a>\n\t\t\t\t\t\t\t<\/div>\n\t\t\t\t\t\t\t<div class=\"post-image-mask\">\n\t\t\t\t\t\t\t\t<span><\/span>\n\t\t\t\t\t\t\t<\/div>\n\n\t\t\t\t\t\t\n\t\t\t\t\t<\/figure>\n\t\t\t\t\n\t\t\t\t\t\t\t\t\t\t\t\t<div class=\"post-date wd-post-date wd-style-with-bg\" onclick=\"\">\n\t\t\t\t<span class=\"post-date-day\">\n\t\t\t\t\t08\t\t\t\t<\/span>\n\t\t\t\t<span class=\"post-date-month\">\n\t\t\t\t\tJan\t\t\t\t<\/span>\n\t\t\t<\/div>\n\t\t\t\t\t\t\n\t\t\t<\/header><!-- .entry-header -->\n\n\t\t<div class=\"article-body-container\">\n\t\t\t\n\t\t\t\t\t\t\t\t\t<div class=\"meta-categories-wrapp\"><div class=\"meta-post-categories wd-post-cat wd-style-with-bg\"><a href=\"https:\/\/add-espace.fr\/category\/realisations\/extension-habitation\/\" rel=\"category tag\">Les extensions<\/a><\/div><\/div>\n\t\t\t\t\n\t\t\t\t\t\t\t\t\t<h3 class=\"wd-entities-title title post-title\">\n\t\t\t\t\t\t<a href=\"https:\/\/add-espace.fr\/extension-maconnee-plouhinec-lorient-morbihan\/\" rel=\"bookmark\">Extension ma\u00e7onn\u00e9e<\/a>\n\t\t\t\t\t<\/h3>\n\t\t\t\t\n\t\t\t\t\t\t\t\t\t<div class=\"entry-meta wd-entry-meta\">\n\t\t\t\t\t\t\t\t\t<ul class=\"entry-meta-list\">\n\t\t\t\t\t\t\t\t\t<li class=\"modified-date\">\n\t\t\t\t\t\t\t\t<time class=\"updated\" datetime=\"2024-07-04T14:19:35+02:00\">\n\t\t\t04\/07\/2024\t\t<\/time>\n\t\t\t\t\t\t\t<\/li>\n\n\t\t\t\t\t\n\t\t\t\t\t\t\t\t\t\t\t<li class=\"meta-author\">\n\t\t\t\t\t\t\t\t\t<span>\n\t\t\t\t\t\t\tBy\t\t\t\t\t<\/span>\n\n\t\t\t\t\t\t\t\n\t\t<a href=\"https:\/\/add-espace.fr\/author\/addadmin\/\" rel=\"author\">\n\t\t\t<span class=\"vcard author author_name\">\n\t\t\t\t<span class=\"fn\">Add Espace<\/span>\n\t\t\t<\/span>\n\t\t<\/a>\n\t\t\t\t\t\t\t\t<\/li>\n\t\t\t\t\t\n\t\t\t\t\t\n\t\t\t\t\t\t\t\t\t\t\t\t<\/ul>\n\t\t\t\t\t\t\t<\/div><!-- .entry-meta -->\n\t\t\t\t\t\t\t\t\t\t\t\t\n\t\t\t\t\t\t\t<div class=\"entry-content wd-entry-content\">\n\t\t\t\t\t<p>Extension bois ou ma\u00e7onn\u00e9e, nous relevons tous vos d\u00e9fis.<\/p>\n<p class=\"read-more-section\"><a class=\"btn-read-more more-link\" href=\"https:\/\/add-espace.fr\/extension-maconnee-plouhinec-lorient-morbihan\/\">Continue reading<\/a><\/p>\t\t\t\t\t\t\t\t\t<\/div><!-- .entry-content -->\n\t\t\t\n\t\t\t\n\t\t\t\t\t<\/div>\n\t<\/div>\n<\/article><!-- #post -->\n\n\n\t\t\t\t\t\t\t\t\t\t\t\n<article id=\"post-41797\" class=\"blog-design-chess blog-post-loop blog-design-small-images blog-style-bg post-41797 post type-post status-publish format-standard has-post-thumbnail hentry category-extension-habitation category-nantes\">\n\t<div class=\"article-inner\">\n\t\t\t\t\t<header class=\"entry-header\">\n\t\t\t\t\t\t\t\t\t\n\t\t\t\t\t<figure id=\"carousel-671\" class=\"entry-thumbnail\" data-owl-carousel data-hide_pagination_control=\"yes\" data-desktop=\"1\" data-tablet=\"1\" data-tablet_landscape=\"1\" data-mobile=\"1\">\n\t\t\t\t\t\t\n\t\t\t\t\t\t\t<div class=\"post-img-wrapp\">\n\t\t\t\t\t\t\t\t<a href=\"https:\/\/add-espace.fr\/extension-sur-mesure-nantes-44-loire-atlantique\/\">\n\t\t\t\t\t\t\t\t\t<img width=\"1024\" height=\"787\" src=\"https:\/\/add-espace.fr\/wp-content\/themes\/woodmart\/images\/lazy.png\" class=\"attachment-large size-large wp-image-41875 wd-lazy-load wd-lazy-fade\" alt=\"extension-remplacement-veranda-apres-nantes sur-mesure\" decoding=\"async\" srcset=\"\" sizes=\"(max-width: 1024px) 100vw, 1024px\" data-wood-src=\"https:\/\/add-espace.fr\/wp-content\/uploads\/2024\/01\/extension-remplacement-veranda-apres-nantes2-1024x787.png\" data-srcset=\"https:\/\/add-espace.fr\/wp-content\/uploads\/2024\/01\/extension-remplacement-veranda-apres-nantes2-1024x787.png 1024w, https:\/\/add-espace.fr\/wp-content\/uploads\/2024\/01\/extension-remplacement-veranda-apres-nantes2-300x231.png 300w, https:\/\/add-espace.fr\/wp-content\/uploads\/2024\/01\/extension-remplacement-veranda-apres-nantes2-768x591.png 768w, https:\/\/add-espace.fr\/wp-content\/uploads\/2024\/01\/extension-remplacement-veranda-apres-nantes2.png 1138w\" \/>\t\t\t\t\t\t\t\t<\/a>\n\t\t\t\t\t\t\t<\/div>\n\t\t\t\t\t\t\t<div class=\"post-image-mask\">\n\t\t\t\t\t\t\t\t<span><\/span>\n\t\t\t\t\t\t\t<\/div>\n\n\t\t\t\t\t\t\n\t\t\t\t\t<\/figure>\n\t\t\t\t\n\t\t\t\t\t\t\t\t\t\t\t\t<div class=\"post-date wd-post-date wd-style-with-bg\" onclick=\"\">\n\t\t\t\t<span class=\"post-date-day\">\n\t\t\t\t\t07\t\t\t\t<\/span>\n\t\t\t\t<span class=\"post-date-month\">\n\t\t\t\t\tJan\t\t\t\t<\/span>\n\t\t\t<\/div>\n\t\t\t\t\t\t\n\t\t\t<\/header><!-- .entry-header -->\n\n\t\t<div class=\"article-body-container\">\n\t\t\t\n\t\t\t\t\t\t\t\t\t<div class=\"meta-categories-wrapp\"><div class=\"meta-post-categories wd-post-cat wd-style-with-bg\"><a href=\"https:\/\/add-espace.fr\/category\/realisations\/extension-habitation\/\" rel=\"category tag\">Les extensions<\/a>, <a href=\"https:\/\/add-espace.fr\/category\/nantes\/\" rel=\"category tag\">Nantes<\/a><\/div><\/div>\n\t\t\t\t\n\t\t\t\t\t\t\t\t\t<h3 class=\"wd-entities-title title post-title\">\n\t\t\t\t\t\t<a href=\"https:\/\/add-espace.fr\/extension-sur-mesure-nantes-44-loire-atlantique\/\" rel=\"bookmark\">Extension sur-mesure \u00e0 Nantes (44)<\/a>\n\t\t\t\t\t<\/h3>\n\t\t\t\t\n\t\t\t\t\t\t\t\t\t<div class=\"entry-meta wd-entry-meta\">\n\t\t\t\t\t\t\t\t\t<ul class=\"entry-meta-list\">\n\t\t\t\t\t\t\t\t\t<li class=\"modified-date\">\n\t\t\t\t\t\t\t\t<time class=\"updated\" datetime=\"2025-01-07T10:08:04+02:00\">\n\t\t\t07\/01\/2025\t\t<\/time>\n\t\t\t\t\t\t\t<\/li>\n\n\t\t\t\t\t\n\t\t\t\t\t\t\t\t\t\t\t<li class=\"meta-author\">\n\t\t\t\t\t\t\t\t\t<span>\n\t\t\t\t\t\t\tBy\t\t\t\t\t<\/span>\n\n\t\t\t\t\t\t\t\n\t\t<a href=\"https:\/\/add-espace.fr\/author\/addadmin5\/\" rel=\"author\">\n\t\t\t<span class=\"vcard author author_name\">\n\t\t\t\t<span class=\"fn\">addAdmin5<\/span>\n\t\t\t<\/span>\n\t\t<\/a>\n\t\t\t\t\t\t\t\t<\/li>\n\t\t\t\t\t\n\t\t\t\t\t\n\t\t\t\t\t\t\t\t\t\t\t\t<\/ul>\n\t\t\t\t\t\t\t<\/div><!-- .entry-meta -->\n\t\t\t\t\t\t\t\t\t\t\t\t\n\t\t\t\t\t\t\t<div class=\"entry-content wd-entry-content\">\n\t\t\t\t\t<p>Nos clients ont opt\u00e9 pour une extension en ossature bois et un magnifique puits de lumi\u00e8re pour gagner en espace et en luminosit\u00e9.<\/p>\n<p class=\"read-more-section\"><a class=\"btn-read-more more-link\" href=\"https:\/\/add-espace.fr\/extension-sur-mesure-nantes-44-loire-atlantique\/\">Continue reading<\/a><\/p>\t\t\t\t\t\t\t\t\t<\/div><!-- .entry-content -->\n\t\t\t\n\t\t\t\n\t\t\t\t\t<\/div>\n\t<\/div>\n<\/article><!-- #post -->\n\n\n\t\t\t\t\t\n\t\t\t\t\t","status":"no-more-posts","nextPage":"?woo_ajax=1","currentPage":"https:\/\/add-espace.fr\/category\/realisations\/page\/3"}